{"id":236677,"date":"2018-09-07T20:00:15","date_gmt":"2018-09-08T01:00:15","guid":{"rendered":"https:\/\/honeysanime.com\/?p=236677\/"},"modified":"2018-09-08T20:54:02","modified_gmt":"2018-09-09T01:54:02","slug":"majin-vegeta-por-fin-tendra-su-version-cabezona-en-funko-pop","status":"publish","type":"post","link":"https:\/\/honeysanime.com\/es\/majin-vegeta-por-fin-tendra-su-version-cabezona-en-funko-pop\/","title":{"rendered":"\u00a1Majin Vegeta por f\u00edn tendr\u00e1 su versi\u00f3n cabezona en Funko Pop!"},"content":{"rendered":"<p><!-- options --><\/p>\n<div align=\"center\">\n<div class=\"inline-block\">\n<div class=\"img-shadow\">\n\t\t\t<img loading=\"lazy\" src=\"https:\/\/honeysanime.com\/wp-content\/uploads\/2018\/09\/Sabat-with-Majin-Vegeta-Pop-560x700.jpg\"alt = \"Sabat-with-Majin-Vegeta-Pop-560x700 \u00a1Majin Vegeta por f\u00edn tendr\u00e1 su versi\u00f3n cabezona en Funko Pop!\" width=\"560\" height=\"700\" class=\"aligncenter size-width-560 wp-image-236534\" srcset=\"https:\/\/honeysanime.com\/wp-content\/uploads\/2018\/09\/Sabat-with-Majin-Vegeta-Pop-560x700.jpg 560w, https:\/\/honeysanime.com\/wp-content\/uploads\/2018\/09\/Sabat-with-Majin-Vegeta-Pop-150x188.jpg 150w, https:\/\/honeysanime.com\/wp-content\/uploads\/2018\/09\/Sabat-with-Majin-Vegeta-Pop-300x375.jpg 300w, https:\/\/honeysanime.com\/wp-content\/uploads\/2018\/09\/Sabat-with-Majin-Vegeta-Pop-768x960.jpg 768w, https:\/\/honeysanime.com\/wp-content\/uploads\/2018\/09\/Sabat-with-Majin-Vegeta-Pop-500x625.jpg 500w, https:\/\/honeysanime.com\/wp-content\/uploads\/2018\/09\/Sabat-with-Majin-Vegeta-Pop-400x500.jpg 400w, https:\/\/honeysanime.com\/wp-content\/uploads\/2018\/09\/Sabat-with-Majin-Vegeta-Pop-700x875.jpg 700w\" sizes=\"(max-width: 560px) 100vw, 560px\" \/>\n\t\t<\/div>\n<aside class=\"exclude-from-excerpt source-link\">\n<div class=\"wrap-source-link  \"><\/div>\n<\/aside><\/div>\n<\/div>\n<p><!-- \/options --><\/p>\n<h2 class=\"border-text mt40\"><span><i class=\"fa fa-fw fa-bell\"><\/i>Lo que necesitas saber:  <\/span><\/h2>\n<p><img loading=\"lazy\" src=\"https:\/\/honeysanime.com\/wp-content\/uploads\/2018\/09\/Majin-Vegeta-Pop-Box-400x500.jpg\"alt = \"Sabat-with-Majin-Vegeta-Pop-560x700 \u00a1Majin Vegeta por f\u00edn tendr\u00e1 su versi\u00f3n cabezona en Funko Pop!\" width=\"400\" height=\"500\" class=\"aligncenter size-height-500 wp-image-236535\" srcset=\"https:\/\/honeysanime.com\/wp-content\/uploads\/2018\/09\/Majin-Vegeta-Pop-Box-400x500.jpg 400w, https:\/\/honeysanime.com\/wp-content\/uploads\/2018\/09\/Majin-Vegeta-Pop-Box-150x188.jpg 150w, https:\/\/honeysanime.com\/wp-content\/uploads\/2018\/09\/Majin-Vegeta-Pop-Box-300x375.jpg 300w, https:\/\/honeysanime.com\/wp-content\/uploads\/2018\/09\/Majin-Vegeta-Pop-Box-768x960.jpg 768w, https:\/\/honeysanime.com\/wp-content\/uploads\/2018\/09\/Majin-Vegeta-Pop-Box-500x625.jpg 500w, https:\/\/honeysanime.com\/wp-content\/uploads\/2018\/09\/Majin-Vegeta-Pop-Box-700x875.jpg 700w, https:\/\/honeysanime.com\/wp-content\/uploads\/2018\/09\/Majin-Vegeta-Pop-Box-560x700.jpg 560w\" sizes=\"(max-width: 400px) 100vw, 400px\" \/><\/p>\n<ul class=\"ul-news\">\n<li>Uno de los personajes m\u00e1s amados de <em>Dragon Ball<\/em> por fin tendr\u00e1 su merecida figura Funko Pop!, y finalmente podremos verla en el pr\u00f3ximo Comic Con de Nueva York, del 4 al 7 de octubre. La versi\u00f3n Funko de <strong>Majin Vegeta<\/strong> fue presentada en sociedad por el actor de voz Christopher Sabat, famoso por dar vida al pr\u00edncipe <em>saiyajin<\/em> en la versi\u00f3n norteamericana de <em>Dragon Ball<\/em>. <\/li>\n<li>La figura se vender\u00e1 por 20 d\u00f3lares y contar\u00e1 adem\u00e1s con otras piezas de merchandising, con paquetes que podremos encontrar en el sitio <a href=\"http:\/\/Over9000.com\" target=\"_blank\">Over9000.com<\/a>, propiedad de Sabat y donde el actor ofrece material autografiado. Esta web estar\u00e1 disponible oficialmente a partir del 3 de octubre. <\/li>\n<li>Aunque a\u00fan no sabemos la fecha exacta en la que estas figuras estar\u00e1n disponibles en el sitio, s\u00ed sabemos que su venta destinar\u00e1 una parte de las ganancias a la fundaci\u00f3n \u201cProject 9000\u201d, que ayuda a eliminar la pobreza en Filipinas y otros pa\u00edses carenciados.\n<\/li>\n<\/ul>\n<p class=\"text-right\"><i class=\"fa fa-fw fa-search-plus\"><\/i>Fuente: Nota de prensa<\/p>\n<p><img loading=\"lazy\" src=\"https:\/\/honeysanime.com\/wp-content\/uploads\/2018\/09\/Majin-Vegeta-Pop-Iso-400x500.jpg\"alt = \"Sabat-with-Majin-Vegeta-Pop-560x700 \u00a1Majin Vegeta por f\u00edn tendr\u00e1 su versi\u00f3n cabezona en Funko Pop!\" width=\"400\" height=\"500\" class=\"aligncenter size-height-500 wp-image-236537\" srcset=\"https:\/\/honeysanime.com\/wp-content\/uploads\/2018\/09\/Majin-Vegeta-Pop-Iso-400x500.jpg 400w, https:\/\/honeysanime.com\/wp-content\/uploads\/2018\/09\/Majin-Vegeta-Pop-Iso-150x188.jpg 150w, https:\/\/honeysanime.com\/wp-content\/uploads\/2018\/09\/Majin-Vegeta-Pop-Iso-300x375.jpg 300w, https:\/\/honeysanime.com\/wp-content\/uploads\/2018\/09\/Majin-Vegeta-Pop-Iso-768x960.jpg 768w, https:\/\/honeysanime.com\/wp-content\/uploads\/2018\/09\/Majin-Vegeta-Pop-Iso-500x625.jpg 500w, https:\/\/honeysanime.com\/wp-content\/uploads\/2018\/09\/Majin-Vegeta-Pop-Iso-700x875.jpg 700w, https:\/\/honeysanime.com\/wp-content\/uploads\/2018\/09\/Majin-Vegeta-Pop-Iso-560x700.jpg 560w\" sizes=\"(max-width: 400px) 100vw, 400px\" \/><\/p>\n<hr class=\"hr-dashed mt40 mb40\">\n<div class=\"wrap-balloon-speech\">\n<div class=\"balloon-speech mb10 \">\n<div class=\"left-image\"><img src=\"https:\/\/honeysanime.com\/wp-content\/uploads\/img-common\/icon-ha-characters\/bee-happy1.jpg\"alt = \"Sabat-with-Majin-Vegeta-Pop-560x700 \u00a1Majin Vegeta por f\u00edn tendr\u00e1 su versi\u00f3n cabezona en Funko Pop!\" width=\"140\" height=\"140\" class=\"alignnone size-full\" \/><\/div>\n<div class=\"arrow-left\">\u00a1\u00a1Deme diez!!<\/div>\n<\/div>\n<div class=\"balloon-speech mb10 \">\n<div class=\"right-image\"><img src=\"https:\/\/honeysanime.com\/wp-content\/uploads\/img-common\/icon-ha-characters\/honey-happy1.jpg\"alt = \"Sabat-with-Majin-Vegeta-Pop-560x700 \u00a1Majin Vegeta por f\u00edn tendr\u00e1 su versi\u00f3n cabezona en Funko Pop!\" width=\"140\" height=\"140\" class=\"alignnone size-full\" \/><\/div>\n<div class=\"arrow-right\">\u00a1Yo tambi\u00e9n quiero, insectos!<\/div>\n<\/div>\n<\/div>\n<hr class=\"hr-dashed mt40 mb40\">\n<div class=\"wrap-recommended-post well \">\n<p><i class=\"fa fa-fw fa-github-alt\"><\/i>Entrada recomendada<\/p>\n<h3><a href=\"https:\/\/honeysanime.com\/es\/5-caracteristicas-destacadas-de-vegeta-dragon-ball\/\" onClick=ga('send','event','link','click','to_recommended_post_@post_insert');>[El flechazo de Bomb\u00f3n] 5 caracter\u00edsticas destacadas de Vegeta (Dragon Ball)<\/a><\/h3>\n<\/div>\n<div class=\"wrap-ad ad-bottom mt40\">\n<div class=\"mt20 mb20 pr0-xs pl0-xs flexbox justify-content-center\">\n<div class=\"unit-ad\">\n<div class=\"ad-tag\" data-ad-name=\"Sortable_HoneysAnime_Desktop_Bottom_728x90\" data-ad-size=\"728x90\" ><\/div>\n<p><script src=\"\/\/tags-cdn.deployads.com\/a\/blog.honeyfeed.fm.js\" async ><\/script><br \/>\n<script>(deployads = window.deployads || []).push();<\/script><\/div>\n<div class=\"unit-ad mt40-xs\"><!-- temp --> <\/div>\n<\/div>\n<\/div>\n","protected":false},"excerpt":{"rendered":"<p>Uno de los personajes m\u00e1s amados de Dragon Ball por fin tendr\u00e1 su merecida figura Funko Pop!, y finalmente podremos verla en el pr\u00f3ximo Comic Con de Nueva York, del 4 al 7 de octubre. La versi\u00f3n Funko de Majin Vegeta fue presentada en sociedad por el actor de voz Christopher Sabat, famoso por dar [&hellip;]<\/p>\n","protected":false},"author":829,"featured_media":236537,"comment_status":"open","ping_status":"closed","sticky":false,"template":"","format":"standard","meta":{"spay_email":""},"categories":[136],"tags":[],"themes":[1197],"display":[],"seasonal":[],"jetpack_featured_media_url":"https:\/\/honeysanime.com\/wp-content\/uploads\/2018\/09\/Majin-Vegeta-Pop-Iso.jpg","jetpack_shortlink":"https:\/\/wp.me\/p5dDBg-Zzn","_links":{"self":[{"href":"https:\/\/honeysanime.com\/es\/wp-json\/wp\/v2\/posts\/236677"}],"collection":[{"href":"https:\/\/honeysanime.com\/es\/wp-json\/wp\/v2\/posts"}],"about":[{"href":"https:\/\/honeysanime.com\/es\/wp-json\/wp\/v2\/types\/post"}],"author":[{"embeddable":true,"href":"https:\/\/honeysanime.com\/es\/wp-json\/wp\/v2\/users\/829"}],"replies":[{"embeddable":true,"href":"https:\/\/honeysanime.com\/es\/wp-json\/wp\/v2\/comments?post=236677"}],"version-history":[{"count":2,"href":"https:\/\/honeysanime.com\/es\/wp-json\/wp\/v2\/posts\/236677\/revisions"}],"predecessor-version":[{"id":236679,"href":"https:\/\/honeysanime.com\/es\/wp-json\/wp\/v2\/posts\/236677\/revisions\/236679"}],"wp:featuredmedia":[{"embeddable":true,"href":"https:\/\/honeysanime.com\/es\/wp-json\/wp\/v2\/media\/236537"}],"wp:attachment":[{"href":"https:\/\/honeysanime.com\/es\/wp-json\/wp\/v2\/media?parent=236677"}],"wp:term":[{"taxonomy":"category","embeddable":true,"href":"https:\/\/honeysanime.com\/es\/wp-json\/wp\/v2\/categories?post=236677"},{"taxonomy":"post_tag","embeddable":true,"href":"https:\/\/honeysanime.com\/es\/wp-json\/wp\/v2\/tags?post=236677"},{"taxonomy":"themes","embeddable":true,"href":"https:\/\/honeysanime.com\/es\/wp-json\/wp\/v2\/themes?post=236677"},{"taxonomy":"display","embeddable":true,"href":"https:\/\/honeysanime.com\/es\/wp-json\/wp\/v2\/display?post=236677"},{"taxonomy":"seasonal","embeddable":true,"href":"https:\/\/honeysanime.com\/es\/wp-json\/wp\/v2\/seasonal?post=236677"}],"curies":[{"name":"wp","href":"https:\/\/api.w.org\/{rel}","templated":true}]}}