{"id":238107,"date":"2018-09-30T14:00:45","date_gmt":"2018-09-30T19:00:45","guid":{"rendered":"https:\/\/honeysanime.com\/?p=238107\/"},"modified":"2018-09-24T20:21:38","modified_gmt":"2018-09-25T01:21:38","slug":"animes-de-fantasia-y-sobrenaturales-del-otono-2018","status":"publish","type":"post","link":"https:\/\/honeysanime.com\/es\/animes-de-fantasia-y-sobrenaturales-del-otono-2018\/","title":{"rendered":"Animes de Fantas\u00eda y Sobrenaturales del oto\u00f1o 2018"},"content":{"rendered":"<div class=\"wrap-unit\" id=\"scroll-recommendations-unit5\">\n<h1>\n    <i class=\"fa fa-fw fa-film\"><\/i> 1. Conception: Ore no Kodomo wo Undekure!<br \/>\n  <\/h1>\n<div align=\"center\">\n<div class=\"inline-block\">\n<div class=\"img-shadow\">\n<aside class=\"exclude-from-excerpt\">\n<img loading=\"lazy\" src=\"https:\/\/honeysanime.com\/wp-content\/uploads\/2018\/05\/CONCEPTION-Ore-no-kodomo-wo-Undekure-PSP-290x500.jpg\"alt = \"CONCEPTION-Ore-no-kodomo-wo-Undekure-PSP-290x500 Animes de Fantas\u00eda y Sobrenaturales del oto\u00f1o 2018\" width=\"290\" height=\"500\" class=\"aligncenter size-height-500 wp-image-221129\" srcset=\"https:\/\/honeysanime.com\/wp-content\/uploads\/2018\/05\/CONCEPTION-Ore-no-kodomo-wo-Undekure-PSP.jpg 290w, https:\/\/honeysanime.com\/wp-content\/uploads\/2018\/05\/CONCEPTION-Ore-no-kodomo-wo-Undekure-PSP-150x259.jpg 150w\" sizes=\"(max-width: 290px) 100vw, 290px\" \/><\/p>\n<aside class=\"exclude-from-excerpt source-link\">\n<div class=\"wrap-source-link  \"><a href=\"http:\/\/www.cdjapan.co.jp\/aff\/click.cgi\/PytJTGW7Lok\/6076\/A340375\/product%2FULJS-447\" target=\"_blank\" rel=\"noopener\">CDJapan<i class=\"fa fa-external-link ml5\"><\/i><\/a><\/div>\n<\/aside>\n<\/aside><\/div>\n<\/p><\/div>\n<\/p><\/div>\n<ul class=\"text-gray mt30\">\n<li>G\u00e9nero: Fantas\u00eda, Harem, Magia, Aventura<\/li>\n<li>Emisi\u00f3n: 10 de octubre, 2018 <\/li>\n<\/ul>\n<div class=\"wrap-paragraph mt30\">\n<p>\n\t\t\t<strong>Itsuki Yuge<\/strong> fue transportado a un mundo m\u00e1gico llamado <em>Granbania<\/em>, que se encuentra al borde de la destrucci\u00f3n. La salvaci\u00f3n de este mundo depende ahora no solo de Itsuki sino de 12 sacerdotizas, cada una representando a una de las constelaciones. <\/p>\n<p>\t\t\tEvidentemente, todas las chicas est\u00e1n dispuestas a cualquier cosa con tal de salvar el mundo, pero eso no quita que tengan ojos para Itsuki. \u00a1No es f\u00e1cil salvar el d\u00eda con 12 bellezas alrededor!\n    <\/p>\n<\/p><\/div>\n<h2 class=\"mt40\">Conception: Ore no Kodomo wo Undekure! Official PV<\/h2>\n<div class=\"wrap-movie text-center\">\n    <iframe width=\"560\" height=\"315\" src=\"https:\/\/www.youtube.com\/embed\/G_mA6uiNtKw\" frameborder=\"0\" allow=\"autoplay; encrypted-media\" allowfullscreen><\/iframe>\n  <\/div>\n<div class=\"wrap-more-button text-center mt20\">\n<div class=\"more-button text-center\"><a class=\"readmore sfont border-color color pt10 pb10 pl40 pr40\" href=\"https:\/\/honeysanime.com\/conception-ore-no-kodomo-wo-undekure-anime\/\" onClick=ga('send','event','link','click','to_wanna_know_more_button_@post_insert');><i class=\"mr5 fa fa-hand-o-right\" aria-hidden=\"true\"><\/i> Want to know more? Click here!<\/a><\/div>\n<\/div>\n<\/div>\n<p><!-- \/.wrap-unit --><\/p>\n<div class=\"wrap-unit\" id=\"scroll-recommendations-unit5\">\n<h1>\n    <i class=\"fa fa-fw fa-film\"><\/i> 2. Fairy Tail Final Season<br \/>\n  <\/h1>\n<div align=\"center\">\n<div class=\"inline-block\">\n<div class=\"img-shadow\">\n<aside class=\"exclude-from-excerpt\">\n<img loading=\"lazy\" src=\"https:\/\/honeysanime.com\/wp-content\/uploads\/2017\/07\/FAIRY-TAIL-63-334x500.jpg\"alt = \"CONCEPTION-Ore-no-kodomo-wo-Undekure-PSP-290x500 Animes de Fantas\u00eda y Sobrenaturales del oto\u00f1o 2018\" width=\"334\" height=\"500\" class=\"aligncenter size-height-500 wp-image-217712\" srcset=\"https:\/\/honeysanime.com\/wp-content\/uploads\/2017\/07\/FAIRY-TAIL-63.jpg 334w, https:\/\/honeysanime.com\/wp-content\/uploads\/2017\/07\/FAIRY-TAIL-63-150x225.jpg 150w, https:\/\/honeysanime.com\/wp-content\/uploads\/2017\/07\/FAIRY-TAIL-63-300x449.jpg 300w\" sizes=\"(max-width: 334px) 100vw, 334px\" \/><\/p>\n<aside class=\"exclude-from-excerpt source-link\">\n<div class=\"wrap-source-link  \"><a href=\"http:\/\/www.cdjapan.co.jp\/aff\/click.cgi\/PytJTGW7Lok\/6076\/A340375\/product%2FNEOBK-2148132\" target=\"_blank\" rel=\"noopener\">CDJapan<i class=\"fa fa-external-link ml5\"><\/i><\/a><\/div>\n<\/aside>\n<\/aside><\/div>\n<\/p><\/div>\n<\/p><\/div>\n<ul class=\"text-gray mt30\">\n<li>G\u00e9nero: Fantas\u00eda, Acci\u00f3n, Aventura, Magia<\/li>\n<li>Emisi\u00f3n: 7 de octubre, 2018 <\/li>\n<\/ul>\n<div class=\"wrap-paragraph mt30\">\n<p>\n\t\t\tEl tiempo ha pasado para <strong>Natsu<\/strong>, pero eso no significa que deje de entrenar sus habilidades junto a su amigo <strong>Happy<\/strong>. Sin embargo, y como l\u00edder del gremio, <strong>Makarov<\/strong> decide desmantelar <em>Fairy Tail<\/em>, desapareciendo sin mayores explicaciones. <\/p>\n<p>\t\t\tUn a\u00f1o despu\u00e9s, Natsu y <strong>Lucy<\/strong> vuelven a cruzar sus caminos y la chispa de <em>Fairy Tail<\/em> revive, iniciando con ellos una incansable b\u00fasqueda de los antiguos miembros, buscando reavivar al famoso grupo de magos una vez m\u00e1s.\n    <\/p>\n<\/p><\/div>\n<\/div>\n<p><!-- \/.wrap-unit --><\/p>\n<div class=\"wrap-unit\" id=\"scroll-recommendations-unit5\">\n<h1>\n    <i class=\"fa fa-fw fa-film\"><\/i> 3. GeGeGe no Kitarou<br \/>\n  <\/h1>\n<div align=\"center\">\n<div class=\"inline-block\">\n<div class=\"img-shadow\">\n<aside class=\"exclude-from-excerpt\">\n<img loading=\"lazy\" src=\"https:\/\/honeysanime.com\/wp-content\/uploads\/2018\/04\/GeGeGe-no-Kitarou-6th-Season-354x500.jpg\"alt = \"CONCEPTION-Ore-no-kodomo-wo-Undekure-PSP-290x500 Animes de Fantas\u00eda y Sobrenaturales del oto\u00f1o 2018\" width=\"354\" height=\"500\" class=\"aligncenter size-height-500 wp-image-220222\" srcset=\"https:\/\/honeysanime.com\/wp-content\/uploads\/2018\/04\/GeGeGe-no-Kitarou-6th-Season-354x500.jpg 354w, https:\/\/honeysanime.com\/wp-content\/uploads\/2018\/04\/GeGeGe-no-Kitarou-6th-Season-150x212.jpg 150w, https:\/\/honeysanime.com\/wp-content\/uploads\/2018\/04\/GeGeGe-no-Kitarou-6th-Season-300x424.jpg 300w, https:\/\/honeysanime.com\/wp-content\/uploads\/2018\/04\/GeGeGe-no-Kitarou-6th-Season.jpg 500w\" sizes=\"(max-width: 354px) 100vw, 354px\" \/><\/p>\n<aside class=\"exclude-from-excerpt source-link\">\n<div class=\"wrap-source-link  \"><a href=\"http:\/\/www.crunchyroll.com\/gegege-no-kitaro\" target=\"_blank\" rel=\"noopener\">Crunchyroll<i class=\"fa fa-external-link ml5\"><\/i><\/a><\/div>\n<\/aside>\n<\/aside><\/div>\n<\/p><\/div>\n<\/p><\/div>\n<ul class=\"text-gray mt30\">\n<li>G\u00e9nero: Fantas\u00eda, Terror, Comedia<\/li>\n<li>Emisi\u00f3n: 1 de abril, 2018 <\/li>\n<\/ul>\n<div class=\"wrap-paragraph mt30\">\n<p>\n\t\t\tEn estos tiempos que corren, la humanidad se ha olvidado completamente de la existencia de los esp\u00edritus, seres que la ciencia no puede explicar y son tomados como simples rumores. Cansada de esta situaci\u00f3n, y llena de curiosidad, <strong>Mana<\/strong> escribe una carta y la deposita en el buz\u00f3n <em>youkais<\/em>. \u00a1Espera a ver lo que pasa con esta ni\u00f1a de 13 a\u00f1os!\n    <\/p>\n<\/p><\/div>\n<h2 class=\"mt40\">GeGeGe no Kitarou Official PV<\/h2>\n<div class=\"wrap-movie text-center\">\n    <iframe width=\"560\" height=\"315\" src=\"https:\/\/www.youtube.com\/embed\/7JqbHc9Polo\" frameborder=\"0\" allow=\"autoplay; encrypted-media\" allowfullscreen><\/iframe>\n  <\/div>\n<\/div>\n<p><!-- \/.wrap-unit --><\/p>\n<div class=\"wrap-unit\" id=\"scroll-recommendations-unit5\">\n<h1>\n    <i class=\"fa fa-fw fa-film\"><\/i> 4. Goblin Slayer<br \/>\n  <\/h1>\n<div align=\"center\">\n<div class=\"inline-block\">\n<div class=\"img-shadow\">\n<aside class=\"exclude-from-excerpt\">\n<div class=\"twitter-tweet\">\n<blockquote class=\"twitter-tweet\" data-lang=\"es\">\n<p lang=\"ja\" dir=\"ltr\">TV\u30a2\u30cb\u30e1\u300e\u30b4\u30d6\u30ea\u30f3\u30b9\u30ec\u30a4\u30e4\u30fc\u300f\u306e\u30e1\u30a4\u30f3\u30d3\u30b8\u30e5\u30a2\u30eb\u89e3\u7981\u3067\u3059\uff01<br \/>\u540c\u6642\u306b\u89e3\u7981\u3055\u308c\u305f\u7b2c2\u5f3ePV\u3067\u3082\u3001\u30b4\u30d6\u30ea\u30f3\u30b9\u30ec\u30a4\u30e4\u30fc\u306e\u30d1\u30fc\u30c6\u30a3\u30e1\u30f3\u30d0\u30fc\u305f\u3061\uff08\u5973\u795e\u5b98\u30fb\u5996\u7cbe\u5f13\u624b\u30fb\u9271\u4eba\u9053\u58eb\u30fb\u8725\u8734\u50e7\u4fb6\uff09\u306e\u30a2\u30cb\u30e1\u30d3\u30b8\u30e5\u30a2\u30eb\u304c\u521d\u516c\u958b\u3068\u306a\u308a\u307e\u3059\u3002<br \/>\u8a73\u7d30\u306f\u516c\u5f0fHP\u3067\u30c1\u30a7\u30c3\u30af\uff01<a href=\"https:\/\/t.co\/htGxX6tcgg\">https:\/\/t.co\/htGxX6tcgg<\/a> <a href=\"https:\/\/twitter.com\/hashtag\/%E3%82%B4%E3%83%96%E3%82%B9%E3%83%AC?src=hash&amp;ref_src=twsrc%5Etfw\">#\u30b4\u30d6\u30b9\u30ec<\/a> <a href=\"https:\/\/t.co\/eJCuhvX9aP\">pic.twitter.com\/eJCuhvX9aP<\/a><\/p>\n<p>&mdash; \u300c\u30b4\u30d6\u30ea\u30f3\u30b9\u30ec\u30a4\u30e4\u30fc\u300d\/ Goblin Slayer\u516c\u5f0f (@GoblinSlayer_GA) <a href=\"https:\/\/twitter.com\/GoblinSlayer_GA\/status\/1016158366157103104?ref_src=twsrc%5Etfw\">9 de julio de 2018<\/a><\/p><\/blockquote>\n<\/div>\n<\/aside><\/div>\n<\/p><\/div>\n<\/p><\/div>\n<ul class=\"text-gray mt30\">\n<li>G\u00e9nero: Aventura, Acci\u00f3n<\/li>\n<li>Emisi\u00f3n: 7 de octubre, 2018 <\/li>\n<\/ul>\n<div class=\"wrap-paragraph mt30\">\n<p>\n      \"No estoy salvando al mundo, solo asesino goblins\".<\/p>\n<p>\t\t\tSolo con acabar con los goblins, un aventurero alcanza el rango de aventurero de plata, el primero en lograr algo tan \u00e9pico. \u00bfHasta d\u00f3nde llegar\u00e1 la sed de sangre de este h\u00e9roe? Ahora no estar\u00e1 solo, y una nueva aventurera aprender\u00e1 lo que se debe hacer y lo que no, de la mano de uno de los m\u00e1s legendarios ejemplos.\n    <\/p>\n<\/p><\/div>\n<h2 class=\"mt40\">Goblin Slayer Official PV<\/h2>\n<div class=\"wrap-movie text-center\">\n    <iframe width=\"560\" height=\"315\" src=\"https:\/\/www.youtube.com\/embed\/mlIgcYE6FPk\" frameborder=\"0\" allow=\"autoplay; encrypted-media\" allowfullscreen><\/iframe>\n  <\/div>\n<\/div>\n<p><!-- \/.wrap-unit --><\/p>\n<div class=\"wrap-ad ad-middle \">\n<div class=\"mt20 mb20 pr0-xs pl0-xs flexbox justify-content-center\">\n<div class=\"unit-ad\">\n<div class=\"ad-tag\" data-ad-name=\"Sortable_HoneysAnime_Desktop_Middle_728x90\" data-ad-size=\"728x90\" ><\/div>\n<p><script src=\"\/\/tags-cdn.deployads.com\/a\/blog.honeyfeed.fm.js\" async ><\/script><br \/>\n<script>(deployads = window.deployads || []).push();<\/script><\/div>\n<div class=\"unit-ad mt40-xs\"><!-- temp --> <\/div>\n<\/div>\n<\/div>\n<p><!-- !! remember to put this in the middle !!--><\/p>\n<div class=\"wrap-unit\" id=\"scroll-recommendations-unit5\">\n<h1>\n    <i class=\"fa fa-fw fa-film\"><\/i> 5. Hangyakusei Million Arthur<br \/>\n  <\/h1>\n<div align=\"center\">\n<div class=\"inline-block\">\n<div class=\"img-shadow\">\n<aside class=\"exclude-from-excerpt\">\n<div class=\"twitter-tweet\">\n<blockquote class=\"twitter-tweet\" data-lang=\"es\">\n<p lang=\"ja\" dir=\"ltr\">\u3010\u89e3\u7981\u60c5\u5831\u2460\u3011<br \/>\u30a2\u30cb\u30e1\u300c\u53db\u9006\u6027\u30df\u30ea\u30aa\u30f3\u30a2\u30fc\u30b5\u30fc\u300d\u306f2018\u5e7410\u6708\u3088\u308a<br \/>TOKYO MX,BS11\u307b\u304b\u3067\u653e\u9001\u958b\u59cb\u3059\u308b\u3053\u3068\u304c\u6c7a\u5b9a\u3057\u307e\u3057\u305f\uff01<\/p>\n<p>\u3055\u3089\u306b\u65b0\u30ad\u30fc\u30d3\u30b8\u30e5\u30a2\u30eb\u3082\u89e3\u7981\uff01<br \/>\u30a2\u30fc\u30b5\u30fc\uff06\u5996\u7cbe\u5168\u90e8\u5165\u308a\u306e\u30d3\u30b8\u30e5\u30a2\u30eb\u3068\u306a\u3063\u3066\u304a\u308a\u307e\u3059\u266a<a href=\"https:\/\/twitter.com\/hashtag\/%E3%82%A2%E3%83%8B%E3%83%A1%E5%8F%9B%E9%80%86%E6%80%A7MA?src=hash&amp;ref_src=twsrc%5Etfw\">#\u30a2\u30cb\u30e1\u53db\u9006\u6027MA<\/a> <a href=\"https:\/\/twitter.com\/hashtag\/%E5%8F%9B%E9%80%86%E6%80%A7MA?src=hash&amp;ref_src=twsrc%5Etfw\">#\u53db\u9006\u6027MA<\/a> <a href=\"https:\/\/twitter.com\/hashtag\/%E5%8F%9B%E9%80%86%E6%80%A7%E3%83%9F%E3%83%AA%E3%82%AA%E3%83%B3%E3%82%A2%E3%83%BC%E3%82%B5%E3%83%BC?src=hash&amp;ref_src=twsrc%5Etfw\">#\u53db\u9006\u6027\u30df\u30ea\u30aa\u30f3\u30a2\u30fc\u30b5\u30fc<\/a> <a href=\"https:\/\/t.co\/krLZvnlN3S\">pic.twitter.com\/krLZvnlN3S<\/a><\/p>\n<p>&mdash; \u30a2\u30cb\u30e1\u300e\u53db\u9006\u6027\u30df\u30ea\u30aa\u30f3\u30a2\u30fc\u30b5\u30fc\u300f\u516c\u5f0f (@hangyakuseiMAAN) <a href=\"https:\/\/twitter.com\/hangyakuseiMAAN\/status\/1022315585076510720?ref_src=twsrc%5Etfw\">26 de julio de 2018<\/a><\/p><\/blockquote>\n<\/div>\n<\/aside><\/div>\n<\/p><\/div>\n<\/p><\/div>\n<ul class=\"text-gray mt30\">\n<li>Genres: Game, Fantasy<\/li>\n<li>Air Date: October 25 2018 <\/li>\n<\/ul>\n<div class=\"wrap-paragraph mt30\">\n<p>\n\t\t\tLa espada <em>Excalibur<\/em> es legendaria por algo, famosa por ser la prueba de fuego para todo aspirante a rey de Britania. Pero, \u00bfsab\u00edas que no fue una sola persona la que sac\u00f3 la espada de la roca? \u00a1Fue un grupo! Para corregir las atrocidades causadas, ahora un grupo de adolescentes conocidos como \"los 6 Arturos\" deben viajar en el tiempo, y as\u00ed corregir la historia.\n    <\/p>\n<\/p><\/div>\n<h2 class=\"mt40\">Hangyakusei Million Arthur Official PV<\/h2>\n<div class=\"wrap-movie text-center\">\n    <iframe width=\"560\" height=\"315\" src=\"https:\/\/www.youtube.com\/embed\/do8ctstyL5Y\" frameborder=\"0\" allow=\"autoplay; encrypted-media\" allowfullscreen><\/iframe>\n  <\/div>\n<\/div>\n<p><!-- \/.wrap-unit --><\/p>\n<div class=\"wrap-unit\" id=\"scroll-recommendations-unit5\">\n<h1>\n    <i class=\"fa fa-fw fa-film\"><\/i> 6. Sword Art Online: Alicization Arc (3rd Season)<br \/>\n  <\/h1>\n<div align=\"center\">\n<div class=\"inline-block\">\n<div class=\"img-shadow\">\n<aside class=\"exclude-from-excerpt\">\n<div class=\"twitter-tweet\">\n<blockquote class=\"twitter-tweet\" data-lang=\"es\">\n<p lang=\"ja\" dir=\"ltr\">\u2605\u300a\u30a2\u30ea\u30b7\u30bc\u30fc\u30b7\u30e7\u30f3\u300b\u7de8\u30ad\u30fc\u30d3\u30b8\u30e5\u30a2\u30eb\u516c\u958b\uff01<br \/>\u6574\u5408\u9a0e\u58eb\u306e\u93a7\u306b\u8eab\u3092\u5305\u3080\u30a2\u30ea\u30b9\u306b\u3001\u5263\u3092\u69cb\u3048\u308b\u30ad\u30ea\u30c8\u3068\u30e6\u30fc\u30b8\u30aa\u3002\u6210\u9577\u3057\u305f\uff13\u4eba\u306e\u30d3\u30b8\u30e5\u30a2\u30eb\u3067\u3059\uff01<a href=\"https:\/\/t.co\/n76fJsjDwV\">https:\/\/t.co\/n76fJsjDwV<\/a>  <a href=\"https:\/\/twitter.com\/hashtag\/sao_anime?src=hash&amp;ref_src=twsrc%5Etfw\">#sao_anime<\/a> <a href=\"https:\/\/t.co\/MAlvlj9bk4\">pic.twitter.com\/MAlvlj9bk4<\/a><\/p>\n<p>&mdash; \u30a2\u30cb\u30e1 \u30bd\u30fc\u30c9\u30a2\u30fc\u30c8\u30fb\u30aa\u30f3\u30e9\u30a4\u30f3 \u516c\u5f0f (@sao_anime) <a href=\"https:\/\/twitter.com\/sao_anime\/status\/1015454126442868738?ref_src=twsrc%5Etfw\">7 de julio de 2018<\/a><\/p><\/blockquote>\n<\/div>\n<\/aside><\/div>\n<\/p><\/div>\n<\/p><\/div>\n<ul class=\"text-gray mt30\">\n<li>G\u00e9nero: Acci\u00f3n, Fantas\u00eda, Ciencia Ficci\u00f3n<\/li>\n<li>Emisi\u00f3n: 7 de octubre, 2018 <\/li>\n<\/ul>\n<div class=\"wrap-paragraph mt30\">\n<p>\n\t\t\t<strong>Kirito<\/strong> vuelve al mundo de los videojuegos pero esta vez como <em>tester<\/em> de una nueva tecnolg\u00eda, capaz de manipular la memoria para transformar el sue\u00f1o en una experiencia incre\u00edblemente real. Se supone que, en esta etapa, los recuerdos de un mundo y otro se mantendr\u00edan separados, por lo que cada vez que alguien despierta, le es imposible recordar datos del juego. <\/p>\n<p>\t\t\tNo obstante, tras una experiencia traum\u00e1tica Kirito termina en el mundo de este juego que probaba, pero siendo plenamente consciente de lo que sucede. All\u00ed conoce a dos amigos llamados <strong>Eugeo<\/strong> y <strong>Alice<\/strong>, a los que recuerda muy bien de sesiones anteriores. \u00bfCu\u00e1l es el secreto detr\u00e1s de este regreso, y qu\u00e9 pasar\u00e1 con sus nuevos amigos? Tal vez volver al mundo real no sea tan f\u00e1cil despu\u00e9s de todo...\n    <\/p>\n<\/p><\/div>\n<h2 class=\"mt40\">Sword Art Online: Alicization Arc (3rd Season) Official PV<\/h2>\n<div class=\"wrap-movie text-center\">\n    <iframe width=\"560\" height=\"315\" src=\"https:\/\/www.youtube.com\/embed\/jl_ty8CLgwQ\" frameborder=\"0\" allow=\"autoplay; encrypted-media\" allowfullscreen><\/iframe>\n  <\/div>\n<\/div>\n<p><!-- \/.wrap-unit --><\/p>\n<div class=\"wrap-unit\" id=\"scroll-recommendations-unit5\">\n<h1>\n    <i class=\"fa fa-fw fa-film\"><\/i> 7. To Aru Majutsu no Index 3rd Season<br \/>\n  <\/h1>\n<div align=\"center\">\n<div class=\"inline-block\">\n<div class=\"img-shadow\">\n<aside class=\"exclude-from-excerpt\">\n<div class=\"twitter-tweet\">\n<blockquote class=\"twitter-tweet\" data-lang=\"es\">\n<p lang=\"ja\" dir=\"ltr\">\u304a\u307e\u305f\u305b\u3057\u307e\u3057\u305f\uff01<\/p>\n<p>\u3068\u3042\u308b\u9b54\u8853\u306e\u7981\u66f8\u76ee\u9332\u2162<br \/>TOKYO MX\u307b\u304b\u306b\u306610\u6708\u3088\u308a\u653e\u9001\u6c7a\u5b9a\uff01<\/p>\n<p>\u305d\u3057\u3066\u3001\u30ad\u30fc\u30d3\u30b8\u30e5\u30a2\u30eb\u3001\u30b9\u30bf\u30c3\u30d5\u3001\u30a4\u30f3\u30c8\u30ed\u30c0\u30af\u30b7\u30e7\u30f3\u3082\u516c\u958b\u3057\u307e\u3057\u305f\uff01<a href=\"https:\/\/t.co\/42UjaJwIai\">https:\/\/t.co\/42UjaJwIai<\/a><a href=\"https:\/\/twitter.com\/hashtag\/%E3%81%A8%E3%81%82%E3%82%8B?src=hash&amp;ref_src=twsrc%5Etfw\">#\u3068\u3042\u308b<\/a> <a href=\"https:\/\/t.co\/S3GkLEAkPB\">pic.twitter.com\/S3GkLEAkPB<\/a><\/p>\n<p>&mdash; \u3068\u3042\u308b\u30d7\u30ed\u30b8\u30a7\u30af\u30c8\u516c\u5f0f (@toaru_project) <a href=\"https:\/\/twitter.com\/toaru_project\/status\/1005283448548818944?ref_src=twsrc%5Etfw\">9 de junio de 2018<\/a><\/p><\/blockquote>\n<\/div>\n<\/aside><\/div>\n<\/p><\/div>\n<\/p><\/div>\n<ul class=\"text-gray mt30\">\n<li>G\u00e9nero: Fantas\u00eda, Acci\u00f3n, Sobrenatural<\/li>\n<li>Emisi\u00f3n: 5 de octubre, 2018 <\/li>\n<\/ul>\n<div class=\"wrap-paragraph mt30\">\n<p>\n      Al oeste de Tokio, una imponente ciudad academia se erige.<\/p>\n<p>Con alrededor de 2.3 milliones de personas, 80% de ellos estudiantes, los habitantes se dividen en 6 categor\u00edas seg\u00fan sus capacidades como espers. <strong>Touma Kamijou<\/strong> es uno de esos estudiantes, y contin\u00faa sus aventuras junto a <strong>Index<\/strong> en esta tercera temporada.\n    <\/p>\n<\/p><\/div>\n<h2 class=\"mt40\">To Aru Majutsu no Index 3rd Season Official PV<\/h2>\n<div class=\"wrap-movie text-center\">\n    <iframe width=\"560\" height=\"315\" src=\"https:\/\/www.youtube.com\/embed\/cigp3w-ZVKU\" frameborder=\"0\" allow=\"autoplay; encrypted-media\" allowfullscreen><\/iframe>\n  <\/div>\n<\/div>\n<p><!-- \/.wrap-unit --><\/p>\n<div class=\"wrap-unit\" id=\"scroll-recommendations-unit5\">\n<h1>\n    <i class=\"fa fa-fw fa-film\"><\/i> 8. Tonari no Kyuuketsuki-san<br \/>\n  <\/h1>\n<div align=\"center\">\n<div class=\"inline-block\">\n<div class=\"img-shadow\">\n<aside class=\"exclude-from-excerpt\">\n<div class=\"twitter-tweet\">\n<blockquote class=\"twitter-tweet\" data-lang=\"es\">\n<p lang=\"ja\" dir=\"ltr\">\u3010\u30cb\u30e5\u30fc\u30b9\u3011TV\u30a2\u30cb\u30e1\u300e\u3068\u306a\u308a\u306e\u5438\u8840\u9b3c\u3055\u3093\u300f\u30bd\u30d5\u30a3\u30fc\u30fb\u30c8\u30ef\u30a4\u30e9\u30a4\u30c8\u5f79\u306b\u5bcc\u7530\u7f8e\u6182\u3055\u3093\uff01\u3000\u653e\u9001\u6642\u671f\u3001\u30ad\u30fc\u30d3\u30b8\u30e5\u30a2\u30eb\u3001\u30b9\u30bf\u30c3\u30d5\u3001\u30ad\u30e3\u30b9\u30c8\u60c5\u5831\u304c\u89e3\u7981\uff01 <a href=\"https:\/\/twitter.com\/hashtag\/%E5%90%B8%E8%A1%80%E9%AC%BC%E3%81%95%E3%82%93?src=hash&amp;ref_src=twsrc%5Etfw\">#\u5438\u8840\u9b3c\u3055\u3093<\/a> <a href=\"https:\/\/t.co\/svVHaCZ81k\">https:\/\/t.co\/svVHaCZ81k<\/a> <a href=\"https:\/\/t.co\/u3NZ0nhqc9\">pic.twitter.com\/u3NZ0nhqc9<\/a><\/p>\n<p>&mdash; \u30a2\u30cb\u30e1\u30a4\u30c8\u30bf\u30a4\u30e0\u30ba\u516c\u5f0f (@animatetimes) <a href=\"https:\/\/twitter.com\/animatetimes\/status\/1011625136556871680?ref_src=twsrc%5Etfw\">26 de junio de 2018<\/a><\/p><\/blockquote>\n<\/div>\n<\/aside><\/div>\n<\/p><\/div>\n<\/p><\/div>\n<ul class=\"text-gray mt30\">\n<li>G\u00e9nero: Recuentos de la Vida, Comedia, Sobrenatural<\/li>\n<li>Emisi\u00f3n: 5 de octubre, 2018 <\/li>\n<\/ul>\n<div class=\"wrap-paragraph mt30\">\n<p>\n\t\t\t<strong>Akari Amano<\/strong> tiene un casual y curioso encuentro con una vampiresa llamada <strong>Sophie<\/strong>, y desde ese instante su vida cambi\u00f3. Ambas terminan conviviendo y Akari descubre la naturaleza pac\u00edfica de Sophie, interes\u00e1ndose m\u00e1s en ella. \u00a1La vida con una vampiresa moderna y otaku!\n    <\/p>\n<\/p><\/div>\n<h2 class=\"mt40\">Tonari no Kyuuketsuki-san Official PV<\/h2>\n<div class=\"wrap-movie text-center\">\n   <iframe width=\"560\" height=\"315\" src=\"https:\/\/www.youtube.com\/embed\/TipfR5_9iUc\" frameborder=\"0\" allow=\"autoplay; encrypted-media\" allowfullscreen><\/iframe>\n\t<\/div>\n<\/div>\n<p><!-- \/.wrap-unit --><\/p>\n<div class=\"wrap-unit\" id=\"scroll-recommendations-unit5\">\n<h1>\n    <i class=\"fa fa-fw fa-film\"><\/i> 9. Ulysses: Jeanne d'Arc to Renkin no Kishi<br \/>\n  <\/h1>\n<div align=\"center\">\n<div class=\"inline-block\">\n<div class=\"img-shadow\">\n<aside class=\"exclude-from-excerpt\">\n<div class=\"twitter-tweet\">\n<blockquote class=\"twitter-tweet\" data-lang=\"es\">\n<p lang=\"ja\" dir=\"ltr\">\u3010\u30c6\u30a3\u30b6\u30fc\u30d3\u30b8\u30e5\u30a2\u30eb\u516c\u958b\uff01\u3011<br \/>\u30c6\u30a3\u30b6\u30fc\u30d3\u30b8\u30e5\u30a2\u30eb\u3067\u306f\u3001\u71c3\u3048\u3066\u3044\u308b\u6559\u4f1a\u306e\u524d\u3067\u4f55\u304b\u306b\u7acb\u3061\u5411\u304b\u304a\u3046\u3068\u3059\u308b\u7532\u5191\u3092\u7740\u305f\u30b8\u30e3\u30f3\u30cc\u30fb\u30c0\u30eb\u30af\u306e\u59ff\u304c\u63cf\u304b\u308c\u3066\u3044\u307e\u3059\uff01<a href=\"https:\/\/twitter.com\/hashtag\/%E3%82%A2%E3%83%8B%E3%83%A1%E3%83%A6%E3%83%AA%E3%82%B7%E3%83%BC%E3%82%BA?src=hash&amp;ref_src=twsrc%5Etfw\">#\u30a2\u30cb\u30e1\u30e6\u30ea\u30b7\u30fc\u30ba<\/a> <a href=\"https:\/\/t.co\/r4DUrhqhcs\">pic.twitter.com\/r4DUrhqhcs<\/a><\/p>\n<p>&mdash; TV\u30a2\u30cb\u30e1\u300c\u30e6\u30ea\u30b7\u30fc\u30ba\u300d\u516c\u5f0f\u30a2\u30ab\u30a6\u30f3\u30c8 (@anime_ulysses) <a href=\"https:\/\/twitter.com\/anime_ulysses\/status\/992683412438700032?ref_src=twsrc%5Etfw\">5 de mayo de 2018<\/a><\/p><\/blockquote>\n<\/div>\n<\/aside><\/div>\n<\/p><\/div>\n<\/p><\/div>\n<ul class=\"text-gray mt30\">\n<li>G\u00e9nero: Hist\u00f3rico, Fantas\u00eda, Acci\u00f3n<\/li>\n<li>Emisi\u00f3n: 7 de octubre, 2018 <\/li>\n<\/ul>\n<div class=\"wrap-paragraph mt30\">\n<p>\n\t\t\t<strong>Montmorency<\/strong> es el hijo de un noble, y se ha interesado por la alquimia y la magia. Atendiendo actualmente a una importante academia en Par\u00eds, donde lo rodean much\u00edsimas chicas, inclu\u00edda la hermana del duque de Britania. <\/p>\n<p>\t\t\tTras una serie de eventos, la escuela cierra y Par\u00eds termina asediada y Montmorency va a parar a una aldea, donde conoce a una chica llamada <strong>Jeanne d'Arc<\/strong>...\n    <\/p>\n<\/p><\/div>\n<h2 class=\"mt40\">Ulysses: Jeanne d'Arc to Renkin no Kishi Official PV<\/h2>\n<div class=\"wrap-movie text-center\">\n    <iframe width=\"560\" height=\"315\" src=\"https:\/\/www.youtube.com\/embed\/EkdcTyK7bRI\" frameborder=\"0\" allow=\"autoplay; encrypted-media\" allowfullscreen><\/iframe>\n\t<\/div>\n<\/div>\n<p><!-- \/.wrap-unit --><\/p>\n<div class=\"wrap-unit\" id=\"scroll-recommendations-unit5\">\n<h1>\n    <i class=\"fa fa-fw fa-film\"><\/i> 10. Merc Storia<br \/>\n  <\/h1>\n<div align=\"center\">\n<div class=\"inline-block\">\n<div class=\"img-shadow\">\n<aside class=\"exclude-from-excerpt\">\n<div class=\"twitter-tweet\">\n<blockquote class=\"twitter-tweet\" data-lang=\"es\">\n<p lang=\"ja\" dir=\"ltr\">\u30c1\u30e3\u30c1\u30e3\u3067\u3059\uff01<br \/>\u5927\u5909\u304a\u307e\u305f\u305b\u3057\u307e\u3057\u305f\u3001\u30e1\u30eb\u30af\u30b9\u30c8\u30fc\u30ea\u30a2\u306e\u30a2\u30cb\u30e1\u516c\u5f0f\u30b5\u30a4\u30c8\u304c\u516c\u958b\u3068\u306a\u308a\u307e\u3057\u305f\u3001\u3067\u3059\uff01\u30fd(\u273f*\uff65\u25bd\uff65*) \uff89<\/p>\n<p>\u300c2018\u5e7410\u6708\u3088\u308a TOKYO MX\u3001KBS\u4eac\u90fd\u3001BS11\u3001AT-X TV\u30a2\u30cb\u30e1\u653e\u9001\u958b\u59cb\uff01\u300d<\/p>\n<p>\u305c\u3072\u30c1\u30a7\u30c3\u30af\u3057\u3066\u307f\u3066\u304f\u3060\u3055\u3044\u307e\u305b\u3001\u3067\u3059\uff01 <a href=\"https:\/\/twitter.com\/hashtag\/%E3%83%A1%E3%83%AB%E3%82%B9%E3%83%88?src=hash&amp;ref_src=twsrc%5Etfw\">#\u30e1\u30eb\u30b9\u30c8<\/a><a href=\"https:\/\/t.co\/FZnCIP3kpM\">https:\/\/t.co\/FZnCIP3kpM<\/a> <a href=\"https:\/\/t.co\/NeaOQyP58F\">pic.twitter.com\/NeaOQyP58F<\/a><\/p>\n<p>&mdash; \u30e1\u30eb\u30af\u30b9\u30c8\u30fc\u30ea\u30a2 (@merc_storia) <a href=\"https:\/\/twitter.com\/merc_storia\/status\/1025260599624663042?ref_src=twsrc%5Etfw\">3 de agosto de 2018<\/a><\/p><\/blockquote>\n<\/div>\n<\/aside><\/div>\n<\/p><\/div>\n<\/p><\/div>\n<ul class=\"text-gray mt30\">\n<li>G\u00e9nero: Fantas\u00eda, Aventura<\/li>\n<li>Emisi\u00f3n: 12 de octubre, 2018 <\/li>\n<\/ul>\n<h2 class=\"mt40\">Merc Storia Official PV<\/h2>\n<p>  <iframe width=\"560\" height=\"315\" src=\"https:\/\/www.youtube.com\/embed\/kbGvuNE2Qig\" frameborder=\"0\" allow=\"autoplay; encrypted-media\" allowfullscreen><\/iframe><\/p>\n<div class=\"wrap-movie text-center\"><\/div>\n<\/div>\n<p><!-- \/.wrap-unit --><\/p>\n<hr class=\"hr-dashed mt40 mb40\">\n<div class=\"wrap-ad ad-bottom \">\n<div class=\"mt20 mb20 pr0-xs pl0-xs flexbox justify-content-center\">\n<div class=\"unit-ad\">\n<div class=\"ad-tag\" data-ad-name=\"Sortable_HoneysAnime_Desktop_Bottom_728x90\" data-ad-size=\"728x90\" ><\/div>\n<p><script src=\"\/\/tags-cdn.deployads.com\/a\/blog.honeyfeed.fm.js\" async ><\/script><br \/>\n<script>(deployads = window.deployads || []).push();<\/script><\/div>\n<div class=\"unit-ad mt40-xs\"><!-- temp --> <\/div>\n<\/div>\n<\/div>\n","protected":false},"excerpt":{"rendered":"<p>1. Conception: Ore no Kodomo wo Undekure! G\u00e9nero: Fantas\u00eda, Harem, Magia, Aventura Emisi\u00f3n: 10 de octubre, 2018 Itsuki Yuge fue transportado a un mundo m\u00e1gico llamado Granbania, que se encuentra al borde de la destrucci\u00f3n. La salvaci\u00f3n de este mundo depende ahora no solo de Itsuki sino de 12 sacerdotizas, cada una representando a una [&hellip;]<\/p>\n","protected":false},"author":524,"featured_media":0,"comment_status":"open","ping_status":"closed","sticky":false,"template":"","format":"standard","meta":{"spay_email":""},"categories":[136],"tags":[],"themes":[755,791,938,737],"display":[],"seasonal":[],"jetpack_featured_media_url":"","jetpack_shortlink":"https:\/\/wp.me\/p5dDBg-ZWr","_links":{"self":[{"href":"https:\/\/honeysanime.com\/es\/wp-json\/wp\/v2\/posts\/238107"}],"collection":[{"href":"https:\/\/honeysanime.com\/es\/wp-json\/wp\/v2\/posts"}],"about":[{"href":"https:\/\/honeysanime.com\/es\/wp-json\/wp\/v2\/types\/post"}],"author":[{"embeddable":true,"href":"https:\/\/honeysanime.com\/es\/wp-json\/wp\/v2\/users\/524"}],"replies":[{"embeddable":true,"href":"https:\/\/honeysanime.com\/es\/wp-json\/wp\/v2\/comments?post=238107"}],"version-history":[{"count":2,"href":"https:\/\/honeysanime.com\/es\/wp-json\/wp\/v2\/posts\/238107\/revisions"}],"predecessor-version":[{"id":238333,"href":"https:\/\/honeysanime.com\/es\/wp-json\/wp\/v2\/posts\/238107\/revisions\/238333"}],"wp:attachment":[{"href":"https:\/\/honeysanime.com\/es\/wp-json\/wp\/v2\/media?parent=238107"}],"wp:term":[{"taxonomy":"category","embeddable":true,"href":"https:\/\/honeysanime.com\/es\/wp-json\/wp\/v2\/categories?post=238107"},{"taxonomy":"post_tag","embeddable":true,"href":"https:\/\/honeysanime.com\/es\/wp-json\/wp\/v2\/tags?post=238107"},{"taxonomy":"themes","embeddable":true,"href":"https:\/\/honeysanime.com\/es\/wp-json\/wp\/v2\/themes?post=238107"},{"taxonomy":"display","embeddable":true,"href":"https:\/\/honeysanime.com\/es\/wp-json\/wp\/v2\/display?post=238107"},{"taxonomy":"seasonal","embeddable":true,"href":"https:\/\/honeysanime.com\/es\/wp-json\/wp\/v2\/seasonal?post=238107"}],"curies":[{"name":"wp","href":"https:\/\/api.w.org\/{rel}","templated":true}]}}