{"id":240938,"date":"2018-10-04T14:00:51","date_gmt":"2018-10-04T19:00:51","guid":{"rendered":"https:\/\/honeysanime.com\/?p=240938\/"},"modified":"2018-10-30T02:29:00","modified_gmt":"2018-10-30T07:29:00","slug":"ikki-tousen-western-wolves-espanol","status":"publish","type":"post","link":"https:\/\/honeysanime.com\/es\/ikki-tousen-western-wolves-espanol\/","title":{"rendered":"\u00a1Anunciado un nuevo anime de Ikki Tousen!"},"content":{"rendered":"<p><!-- options --><\/p>\n<div align=\"center\">\n<div class=\"inline-block\">\n<div class=\"img-shadow\">\n\t\t\t<img loading=\"lazy\" src=\"https:\/\/honeysanime.com\/wp-content\/uploads\/2018\/10\/Ikki-Tousen-Extravaganza-Epoch.jpg\"alt = \"Ikki-Tousen-Extravaganza-Epoch \u00a1Anunciado un nuevo anime de Ikki Tousen!\" width=\"500\" height=\"281\" class=\"aligncenter size-full wp-image-239101\" srcset=\"https:\/\/honeysanime.com\/wp-content\/uploads\/2018\/10\/Ikki-Tousen-Extravaganza-Epoch.jpg 500w, https:\/\/honeysanime.com\/wp-content\/uploads\/2018\/10\/Ikki-Tousen-Extravaganza-Epoch-150x84.jpg 150w, https:\/\/honeysanime.com\/wp-content\/uploads\/2018\/10\/Ikki-Tousen-Extravaganza-Epoch-300x169.jpg 300w\" sizes=\"(max-width: 500px) 100vw, 500px\" \/>\n\t\t<\/div>\n<aside class=\"exclude-from-excerpt source-link\">\n<div class=\"wrap-source-link  \"><a href=\"http:\/\/www.cdjapan.co.jp\/aff\/click.cgi\/PytJTGW7Lok\/6076\/A340375\/product%2FZMBZ-9846\" target=\"_blank\" rel=\"noopener\">CDJapan<i class=\"fa fa-external-link ml5\"><\/i><\/a><\/div>\n<\/aside><\/div>\n<\/div>\n<p><!-- \/options --><\/p>\n<h2 class=\"border-text mt40\"><span><i class=\"fa fa-fw fa-bell\"><\/i>Lo que necesitas saber:  <\/span><\/h2>\n<ul class=\"ul-news\">\n<li>Bajo el t\u00edtulo de <em>Ikki Tousen: Western Wolves<\/em>, una nueva web anunci\u00f3 la secuela a <em>Ikki Tousen Extravaganza Epoch<\/em>, la OVA de 2015. <\/li>\n<li>Esto ser\u00e1 animado por Studio Arms, con direcci\u00f3n de Takashi Watanabe y asistencia de Mitsuyoshi Satou. Masumi Asano, Kei Shindou, Hitomi Nabatame, Minori Chihara, Chiaki Takahashi y Ami Koshimizu ya est\u00e1n confirmados como actores de voz.<\/li>\n<li>Esta OVA a\u00fan no tiene m\u00e1s adelanto que esta imagen que compartimos, y tampoco se conoce su fecha de estreno.\n<\/li>\n<\/ul>\n<p class=\"text-right\"><i class=\"fa fa-fw fa-search-plus\"><\/i>Fuente: <a href=\"http:\/\/www.ikkitousen.com\/\" target=\"_blank\">Web oficial<\/a><\/p>\n<p><!-- options --><\/p>\n<aside class=\"exclude-from-excerpt\">\n<div class=\"twitter-tweet\">\n<blockquote class=\"twitter-tweet\" data-lang=\"es\">\n<p lang=\"ja\" dir=\"ltr\">\u30a2\u30cb\u30e1\u300c\u4e00\u9a0e\u5f53\u5343\u30b7\u30ea\u30fc\u30ba\u300d\u306e\u5b8c\u5168\u65b0\u4f5c\u30a2\u30cb\u30e1\u30fc\u30b7\u30e7\u30f3\u300c\u4e00\u9a0e\u5f53\u5343 Western Wolves\u300d\u306e\u5236\u4f5c\u6c7a\u5b9a\u3057\u307e\u3057\u305f\uff01<br \/>\u3053\u306e\u30a2\u30ab\u30a6\u30f3\u30c8\u3067\u300c\u4e00\u9a0e\u5f53\u5343 Western Wolves\u300d\u306e\u60c5\u5831\u3092\u767a\u4fe1\u3057\u3066\u3044\u304d\u307e\u3059<br \/>HP\u306f\u3053\u3061\u3089 \u2192 <a href=\"https:\/\/t.co\/lbn4nCKZGJ\">https:\/\/t.co\/lbn4nCKZGJ<\/a><a href=\"https:\/\/twitter.com\/hashtag\/%E4%B8%80%E9%A8%8E%E5%BD%93%E5%8D%83?src=hash&amp;ref_src=twsrc%5Etfw\">#\u4e00\u9a0e\u5f53\u5343<\/a><\/p>\n<p>\u524d\u4f5c\u304b\u3089\u66f4\u306b\u30d1\u30ef\u30fc\u30a2\u30c3\u30d7\u3057\u305f\u30cf\u30a4\u30d1\u30fc\u7206\u4e73\u30a2\u30af\u30b7\u30e7\u30f3\u3092\u304a\u697d\u3057\u307f\u306b\uff01 <a href=\"https:\/\/t.co\/7ASn377XDr\">pic.twitter.com\/7ASn377XDr<\/a><\/p>\n<p>&mdash; \u300c\u4e00\u9a0e\u5f53\u5343\u300d\u30a2\u30cb\u30e1\u516c\u5f0f (@Animeikkitousen) <a href=\"https:\/\/twitter.com\/Animeikkitousen\/status\/1045841549190291458?ref_src=twsrc%5Etfw\">29 de septiembre de 2018<\/a><\/p><\/blockquote>\n<\/div>\n<\/aside>\n<p><!-- \/options --><\/p>\n<hr class=\"hr-dashed mt40 mb40\">\n<div class=\"wrap-balloon-speech\">\n<div class=\"balloon-speech mb10 \">\n<div class=\"left-image\"><img src=\"https:\/\/honeysanime.com\/wp-content\/uploads\/img-common\/icon-ha-characters\/bee-cry3.jpg\"alt = \"Ikki-Tousen-Extravaganza-Epoch \u00a1Anunciado un nuevo anime de Ikki Tousen!\" width=\"140\" height=\"140\" class=\"alignnone size-full\" \/><\/div>\n<div class=\"arrow-left\">\u00a1\u00bfY qu\u00e9 pas\u00f3 con Shin: Ikki Tousen?!<\/div>\n<\/div>\n<div class=\"balloon-speech mb10 \">\n<div class=\"right-image\"><img src=\"https:\/\/honeysanime.com\/wp-content\/uploads\/img-common\/icon-ha-characters\/honey-happy2.jpg\"alt = \"Ikki-Tousen-Extravaganza-Epoch \u00a1Anunciado un nuevo anime de Ikki Tousen!\" width=\"140\" height=\"140\" class=\"alignnone size-full\" \/><\/div>\n<div class=\"arrow-right\">Esto es mejor que nada, pero preferir\u00eda una serie para TV<\/div>\n<\/div>\n<\/div>\n<hr class=\"hr-dashed mt40 mb40\">\n<div class=\"wrap-ad ad-bottom mt40\">\n<div class=\"mt20 mb20 pr0-xs pl0-xs flexbox justify-content-center\">\n<div class=\"unit-ad\">\n<div class=\"ad-tag\" data-ad-name=\"Sortable_HoneysAnime_Desktop_Bottom_728x90\" data-ad-size=\"728x90\" ><\/div>\n<p><script src=\"\/\/tags-cdn.deployads.com\/a\/blog.honeyfeed.fm.js\" async ><\/script><br \/>\n<script>(deployads = window.deployads || []).push();<\/script><\/div>\n<div class=\"unit-ad mt40-xs\"><!-- temp --> <\/div>\n<\/div>\n<\/div>\n<hr class=\"hr-dashed mt40 mb40\">\n<div class=\"wrap-recommended-post well \">\n<p><i class=\"fa fa-fw fa-github-alt\"><\/i>Entrada recomendada<\/p>\n<h3><a href=\"https:\/\/honeysanime.com\/es\/sarazanmai-espanol\/\" onClick=ga('send','event','link','click','to_recommended_post_@post_insert');>Kunihiko Ikuhara y MAPPA anuncian nuevo anime para la primavera 2019<\/a><\/h3>\n<\/div>\n<div class=\"wrap-recommended-post well \">\n<p><i class=\"fa fa-fw fa-github-alt\"><\/i>Entrada recomendada<\/p>\n<h3><a href=\"https:\/\/honeysanime.com\/es\/shikizakura-espanol\/\" onClick=ga('send','event','link','click','to_recommended_post_@post_insert');>El anime Shikizakura anunciado para 2020<\/a><\/h3>\n<\/div>\n<div class=\"wrap-recommended-post well \">\n<div class=\"row\">\n<div class=\"col-sm-6\">\n<div class=\"overflow-hidden wrap-center-hv\" style=\"height: 180px;\"><a href=\"https:\/\/honeysanime.com\/es\/yuru-camp-suma-un-anime-corto-y-una-pelicula\/\" class=\"hover-zoom\" onClick=ga('send','event','link','click','to_recommended_post_@post_insert');><img width=\"300\" height=\"300\" src=\"https:\/\/honeysanime.com\/wp-content\/uploads\/2018\/05\/Yuru-Camp-cd-300x300.jpg\" class=\"attachment-medium size-medium wp-post-image\"alt = \"Ikki-Tousen-Extravaganza-Epoch \u00a1Anunciado un nuevo anime de Ikki Tousen!\" loading=\"lazy\" srcset=\"https:\/\/honeysanime.com\/wp-content\/uploads\/2018\/05\/Yuru-Camp-cd-300x300.jpg 300w, https:\/\/honeysanime.com\/wp-content\/uploads\/2018\/05\/Yuru-Camp-cd-150x150.jpg 150w, https:\/\/honeysanime.com\/wp-content\/uploads\/2018\/05\/Yuru-Camp-cd-768x768.jpg 768w, https:\/\/honeysanime.com\/wp-content\/uploads\/2018\/05\/Yuru-Camp-cd-500x500.jpg 500w, https:\/\/honeysanime.com\/wp-content\/uploads\/2018\/05\/Yuru-Camp-cd-700x700.jpg 700w, https:\/\/honeysanime.com\/wp-content\/uploads\/2018\/05\/Yuru-Camp-cd-560x560.jpg 560w, https:\/\/honeysanime.com\/wp-content\/uploads\/2018\/05\/Yuru-Camp-cd.jpg 1000w\" sizes=\"(max-width: 300px) 100vw, 300px\" \/><\/a><\/div>\n<\/div>\n<div class=\"col-sm-6\">\n<p><i class=\"fa fa-fw fa-github-alt\"><\/i>Entrada recomendada<\/p>\n<h3><a href=\"https:\/\/honeysanime.com\/es\/yuru-camp-suma-un-anime-corto-y-una-pelicula\/\" onClick=ga('send','event','link','click','to_recommended_post_@post_insert');>Yuru Camp suma un anime corto y una pel\u00edcula<\/a><\/h3>\n<\/div>\n<\/div>\n<\/div>\n","protected":false},"excerpt":{"rendered":"<p>Bajo el t\u00edtulo de Ikki Tousen: Western Wolves, una nueva web anunci\u00f3 la secuela a Ikki Tousen Extravaganza Epoch, la OVA de 2015. Esto ser\u00e1 animado por Studio Arms, con direcci\u00f3n de Takashi Watanabe y asistencia de Mitsuyoshi Satou. Masumi Asano, Kei Shindou, Hitomi Nabatame, Minori Chihara, Chiaki Takahashi y Ami Koshimizu ya est\u00e1n confirmados [&hellip;]<\/p>\n","protected":false},"author":829,"featured_media":239101,"comment_status":"open","ping_status":"closed","sticky":false,"template":"","format":"standard","meta":{"spay_email":""},"categories":[136],"tags":[],"themes":[2606,925],"display":[],"seasonal":[],"jetpack_featured_media_url":"https:\/\/honeysanime.com\/wp-content\/uploads\/2018\/10\/Ikki-Tousen-Extravaganza-Epoch.jpg","jetpack_shortlink":"https:\/\/wp.me\/p5dDBg-10G6","_links":{"self":[{"href":"https:\/\/honeysanime.com\/es\/wp-json\/wp\/v2\/posts\/240938"}],"collection":[{"href":"https:\/\/honeysanime.com\/es\/wp-json\/wp\/v2\/posts"}],"about":[{"href":"https:\/\/honeysanime.com\/es\/wp-json\/wp\/v2\/types\/post"}],"author":[{"embeddable":true,"href":"https:\/\/honeysanime.com\/es\/wp-json\/wp\/v2\/users\/829"}],"replies":[{"embeddable":true,"href":"https:\/\/honeysanime.com\/es\/wp-json\/wp\/v2\/comments?post=240938"}],"version-history":[{"count":2,"href":"https:\/\/honeysanime.com\/es\/wp-json\/wp\/v2\/posts\/240938\/revisions"}],"predecessor-version":[{"id":242912,"href":"https:\/\/honeysanime.com\/es\/wp-json\/wp\/v2\/posts\/240938\/revisions\/242912"}],"wp:featuredmedia":[{"embeddable":true,"href":"https:\/\/honeysanime.com\/es\/wp-json\/wp\/v2\/media\/239101"}],"wp:attachment":[{"href":"https:\/\/honeysanime.com\/es\/wp-json\/wp\/v2\/media?parent=240938"}],"wp:term":[{"taxonomy":"category","embeddable":true,"href":"https:\/\/honeysanime.com\/es\/wp-json\/wp\/v2\/categories?post=240938"},{"taxonomy":"post_tag","embeddable":true,"href":"https:\/\/honeysanime.com\/es\/wp-json\/wp\/v2\/tags?post=240938"},{"taxonomy":"themes","embeddable":true,"href":"https:\/\/honeysanime.com\/es\/wp-json\/wp\/v2\/themes?post=240938"},{"taxonomy":"display","embeddable":true,"href":"https:\/\/honeysanime.com\/es\/wp-json\/wp\/v2\/display?post=240938"},{"taxonomy":"seasonal","embeddable":true,"href":"https:\/\/honeysanime.com\/es\/wp-json\/wp\/v2\/seasonal?post=240938"}],"curies":[{"name":"wp","href":"https:\/\/api.w.org\/{rel}","templated":true}]}}