{"id":247354,"date":"2018-11-30T14:00:05","date_gmt":"2018-11-30T19:00:05","guid":{"rendered":"https:\/\/honeysanime.com\/?p=247354\/"},"modified":"2018-12-12T19:19:28","modified_gmt":"2018-12-13T00:19:28","slug":"ulysses-jeanne-darc-to-renkin-no-kishi-tambien-sale-del-aire-por-correcciones","status":"publish","type":"post","link":"https:\/\/honeysanime.com\/es\/ulysses-jeanne-darc-to-renkin-no-kishi-tambien-sale-del-aire-por-correcciones\/","title":{"rendered":"Ulysses: Jeanne d'Arc to Renkin no Kishi tambi\u00e9n sale del aire por correcciones"},"content":{"rendered":"<p><!-- options --><\/p>\n<div align=\"center\">\n<div class=\"inline-block\">\n<div class=\"img-shadow\">\n\t\t\t<img loading=\"lazy\" src=\"https:\/\/honeysanime.com\/wp-content\/uploads\/2018\/09\/Ulysses-Jeanne-dArc-no-Renkinjutsushi-Ulysses-Jeanne-dArc-and-the-Alchemist-Knight-333x500.jpg\"alt = \"Ulysses-Jeanne-dArc-no-Renkinjutsushi-Ulysses-Jeanne-dArc-and-the-Alchemist-Knight-333x500 Ulysses: Jeanne d&#039;Arc to Renkin no Kishi tambi\u00e9n sale del aire por correcciones\" width=\"333\" height=\"500\" class=\"aligncenter size-height-500 wp-image-240023\" srcset=\"https:\/\/honeysanime.com\/wp-content\/uploads\/2018\/09\/Ulysses-Jeanne-dArc-no-Renkinjutsushi-Ulysses-Jeanne-dArc-and-the-Alchemist-Knight-333x500.jpg 333w, https:\/\/honeysanime.com\/wp-content\/uploads\/2018\/09\/Ulysses-Jeanne-dArc-no-Renkinjutsushi-Ulysses-Jeanne-dArc-and-the-Alchemist-Knight-150x225.jpg 150w, https:\/\/honeysanime.com\/wp-content\/uploads\/2018\/09\/Ulysses-Jeanne-dArc-no-Renkinjutsushi-Ulysses-Jeanne-dArc-and-the-Alchemist-Knight-300x450.jpg 300w, https:\/\/honeysanime.com\/wp-content\/uploads\/2018\/09\/Ulysses-Jeanne-dArc-no-Renkinjutsushi-Ulysses-Jeanne-dArc-and-the-Alchemist-Knight-500x750.jpg 500w, https:\/\/honeysanime.com\/wp-content\/uploads\/2018\/09\/Ulysses-Jeanne-dArc-no-Renkinjutsushi-Ulysses-Jeanne-dArc-and-the-Alchemist-Knight-560x840.jpg 560w, https:\/\/honeysanime.com\/wp-content\/uploads\/2018\/09\/Ulysses-Jeanne-dArc-no-Renkinjutsushi-Ulysses-Jeanne-dArc-and-the-Alchemist-Knight.jpg 640w\" sizes=\"(max-width: 333px) 100vw, 333px\" \/>\n\t\t<\/div>\n<aside class=\"exclude-from-excerpt source-link\">\n<div class=\"wrap-source-link  \"><a href=\"https:\/\/www.crunchyroll.com\/ulysses-jeanne-darc-and-the-alchemist-knight\" target=\"_blank\" rel=\"noopener\">Crunchyroll<i class=\"fa fa-external-link ml5\"><\/i><\/a><\/div>\n<\/aside><\/div>\n<\/div>\n<p><!-- \/options --><\/p>\n<h2 class=\"border-text mt40\"><span><i class=\"fa fa-fw fa-bell\"><\/i>Lo que necesitas saber:  <\/span><\/h2>\n<ul class=\"ul-news\">\n<li>La temporada de oto\u00f1o 2018 parece no darnos respiro, y esta vez nos llega otra serie de anime que necesita una pausa para recibir alg\u00fan retoque. As\u00ed como pas\u00f3 con <em>Ore ga Suki nanowa Imouto Dakedo Imouto Janai<\/em>, ahora hablamos de <em>Ulysses: Jeanne d'Arc to Renkin no Kishi<\/em>, cuyo noveno episodio se pospone una semana.<\/li>\n<li>Seg\u00fan fuentes oficiales, este episodio \u201cnecesita ajustes en la historia\u201d, por lo que se emitir\u00e1 el 9 de diciembre. En lugar de el cap\u00edtulo correspondiente, los fans podremos ver el episodio 1 del blu-ray, que viene con comentarios de los actores de voz y el director de sonido.<\/li>\n<li>Esta es una oportunidad para ver las mejoras de dise\u00f1o que vendr\u00e1n en la versi\u00f3n blu-ray, y esperemos que sea la \u00faltima serie en tener retrasos esta temporada.\n<\/li>\n<\/ul>\n<p class=\"text-right\"><i class=\"fa fa-fw fa-search-plus\"><\/i>Fuente: <a href=\"http:\/\/ulysses-anime.jp\/news\/\" target=\"_blank\">Anuncio<\/a><\/p>\n<p><!-- options --><\/p>\n<aside class=\"exclude-from-excerpt\">\n<div class=\"twitter-tweet\">\n<blockquote class=\"twitter-tweet\" data-lang=\"es\">\n<p lang=\"ja\" dir=\"ltr\">\u3010\u653e\u9001\u5185\u5bb9\u5909\u66f4\u306e\u304a\u77e5\u3089\u305b\u3011<br \/>12\u67082\u65e5\u3088\u308a\u653e\u9001\u306e\u300c\u30e6\u30ea\u30b7\u30fc\u30ba \u30b8\u30e3\u30f3\u30cc\u30fb\u30c0\u30eb\u30af\u3068\u932c\u91d1\u306e\u9a0e\u58eb\u300d\u3067\u3059\u304c\u300c# 01\u30d6\u30eb\u30fc\u30ec\u30a4\u7248\u30aa\u30fc\u30c7\u30a3\u30aa\u30b3\u30e1\u30f3\u30bf\u30ea\u30fc\u300d\u3092\u653e\u9001\u81f4\u3057\u307e\u3059\u3002<br \/>\u7b2c9\u8a71\u306f12\u67089\u65e5\u3088\u308a\u9806\u6b21\u653e\u9001\u81f4\u3057\u307e\u3059 \u3002<\/p>\n<p>\u7b2c9\u8a71\u3092\u697d\u3057\u307f\u306b\u304a\u5f85\u3061\u3044\u305f\u3060\u3044\u3066\u304a\u308a\u307e\u3057\u305f\u7686\u69d8\u3001\u5927\u5909\u7533\u3057\u8a33\u3054\u3056\u3044\u307e\u305b\u3093\u3002<a href=\"https:\/\/twitter.com\/hashtag\/%E3%82%A2%E3%83%8B%E3%83%A1%E3%83%A6%E3%83%AA%E3%82%B7%E3%83%BC%E3%82%BA?src=hash&amp;ref_src=twsrc%5Etfw\">#\u30a2\u30cb\u30e1\u30e6\u30ea\u30b7\u30fc\u30ba<\/a><\/p>\n<p>&mdash; TV\u30a2\u30cb\u30e1\u300c\u30e6\u30ea\u30b7\u30fc\u30ba\u300d\u516c\u5f0f\u30a2\u30ab\u30a6\u30f3\u30c8 (@anime_ulysses) <a href=\"https:\/\/twitter.com\/anime_ulysses\/status\/1067025175302987776?ref_src=twsrc%5Etfw\">26 de noviembre de 2018<\/a><\/p><\/blockquote>\n<\/div>\n<\/aside>\n<p><!-- \/options --><\/p>\n<hr class=\"hr-dashed mt40 mb40\">\n<div class=\"wrap-balloon-speech\">\n<div class=\"balloon-speech mb10 \">\n<div class=\"left-image\"><img src=\"https:\/\/honeysanime.com\/wp-content\/uploads\/img-common\/icon-ha-characters\/bee-surprised2.jpg\"alt = \"Ulysses-Jeanne-dArc-no-Renkinjutsushi-Ulysses-Jeanne-dArc-and-the-Alchemist-Knight-333x500 Ulysses: Jeanne d&#039;Arc to Renkin no Kishi tambi\u00e9n sale del aire por correcciones\" width=\"140\" height=\"140\" class=\"alignnone size-full\" \/><\/div>\n<div class=\"arrow-left\">Uff.. ya son demasiados casos juntos<\/div>\n<\/div>\n<div class=\"balloon-speech mb10 \">\n<div class=\"right-image\"><img src=\"https:\/\/honeysanime.com\/wp-content\/uploads\/img-common\/icon-ha-characters\/honey-shrug.jpg\"alt = \"Ulysses-Jeanne-dArc-no-Renkinjutsushi-Ulysses-Jeanne-dArc-and-the-Alchemist-Knight-333x500 Ulysses: Jeanne d&#039;Arc to Renkin no Kishi tambi\u00e9n sale del aire por correcciones\" width=\"140\" height=\"140\" class=\"alignnone size-full\" \/><\/div>\n<div class=\"arrow-right\">Espero que no se haga costumbre<\/div>\n<\/div>\n<\/div>\n<hr class=\"hr-dashed mt40 mb40\">\n<div class=\"wrap-ad ad-bottom mt40\">\n<div class=\"mt20 mb20 pr0-xs pl0-xs flexbox justify-content-center\">\n<div class=\"unit-ad\">\n<div class=\"ad-tag\" data-ad-name=\"Sortable_HoneysAnime_Desktop_Bottom_728x90\" data-ad-size=\"728x90\" ><\/div>\n<p><script src=\"\/\/tags-cdn.deployads.com\/a\/blog.honeyfeed.fm.js\" async ><\/script><br \/>\n<script>(deployads = window.deployads || []).push();<\/script><\/div>\n<div class=\"unit-ad mt40-xs\"><!-- temp --> <\/div>\n<\/div>\n<\/div>\n","protected":false},"excerpt":{"rendered":"<p>La temporada de oto\u00f1o 2018 parece no darnos respiro, y esta vez nos llega otra serie de anime que necesita una pausa para recibir alg\u00fan retoque. As\u00ed como pas\u00f3 con Ore ga Suki nanowa Imouto Dakedo Imouto Janai, ahora hablamos de Ulysses: Jeanne d'Arc to Renkin no Kishi, cuyo noveno episodio se pospone una semana. [&hellip;]<\/p>\n","protected":false},"author":829,"featured_media":240023,"comment_status":"open","ping_status":"closed","sticky":false,"template":"","format":"standard","meta":{"spay_email":""},"categories":[136],"tags":[],"themes":[925,867],"display":[],"seasonal":[],"jetpack_featured_media_url":"https:\/\/honeysanime.com\/wp-content\/uploads\/2018\/09\/Ulysses-Jeanne-dArc-no-Renkinjutsushi-Ulysses-Jeanne-dArc-and-the-Alchemist-Knight.jpg","jetpack_shortlink":"https:\/\/wp.me\/p5dDBg-12lA","_links":{"self":[{"href":"https:\/\/honeysanime.com\/es\/wp-json\/wp\/v2\/posts\/247354"}],"collection":[{"href":"https:\/\/honeysanime.com\/es\/wp-json\/wp\/v2\/posts"}],"about":[{"href":"https:\/\/honeysanime.com\/es\/wp-json\/wp\/v2\/types\/post"}],"author":[{"embeddable":true,"href":"https:\/\/honeysanime.com\/es\/wp-json\/wp\/v2\/users\/829"}],"replies":[{"embeddable":true,"href":"https:\/\/honeysanime.com\/es\/wp-json\/wp\/v2\/comments?post=247354"}],"version-history":[{"count":2,"href":"https:\/\/honeysanime.com\/es\/wp-json\/wp\/v2\/posts\/247354\/revisions"}],"predecessor-version":[{"id":247365,"href":"https:\/\/honeysanime.com\/es\/wp-json\/wp\/v2\/posts\/247354\/revisions\/247365"}],"wp:featuredmedia":[{"embeddable":true,"href":"https:\/\/honeysanime.com\/es\/wp-json\/wp\/v2\/media\/240023"}],"wp:attachment":[{"href":"https:\/\/honeysanime.com\/es\/wp-json\/wp\/v2\/media?parent=247354"}],"wp:term":[{"taxonomy":"category","embeddable":true,"href":"https:\/\/honeysanime.com\/es\/wp-json\/wp\/v2\/categories?post=247354"},{"taxonomy":"post_tag","embeddable":true,"href":"https:\/\/honeysanime.com\/es\/wp-json\/wp\/v2\/tags?post=247354"},{"taxonomy":"themes","embeddable":true,"href":"https:\/\/honeysanime.com\/es\/wp-json\/wp\/v2\/themes?post=247354"},{"taxonomy":"display","embeddable":true,"href":"https:\/\/honeysanime.com\/es\/wp-json\/wp\/v2\/display?post=247354"},{"taxonomy":"seasonal","embeddable":true,"href":"https:\/\/honeysanime.com\/es\/wp-json\/wp\/v2\/seasonal?post=247354"}],"curies":[{"name":"wp","href":"https:\/\/api.w.org\/{rel}","templated":true}]}}