{"id":247624,"date":"2018-12-04T12:00:01","date_gmt":"2018-12-04T17:00:01","guid":{"rendered":"https:\/\/honeysanime.com\/?p=247624\/"},"modified":"2019-02-07T22:12:05","modified_gmt":"2019-02-08T03:12:05","slug":"midara-na-ao-chan-wa-benkyou-en-espanol","status":"publish","type":"post","link":"https:\/\/honeysanime.com\/es\/midara-na-ao-chan-wa-benkyou-en-espanol\/","title":{"rendered":"\u00a1Midara na Ao-chan wa Benkyou Dekinai da el salto al anime!"},"content":{"rendered":"<p><!-- options --><\/p>\n<div align=\"center\">\n<div class=\"inline-block\">\n<div class=\"img-shadow\">\n\t\t\t<img loading=\"lazy\" src=\"https:\/\/honeysanime.com\/wp-content\/uploads\/2018\/12\/Ao-chan-wa-Benkyou-Dekinai-1.jpg\"alt = \"Ao-chan-wa-Benkyou-Dekinai-1 \u00a1Midara na Ao-chan wa Benkyou Dekinai da el salto al anime!\" width=\"356\" height=\"500\" class=\"aligncenter size-full wp-image-246410\" srcset=\"https:\/\/honeysanime.com\/wp-content\/uploads\/2018\/12\/Ao-chan-wa-Benkyou-Dekinai-1.jpg 356w, https:\/\/honeysanime.com\/wp-content\/uploads\/2018\/12\/Ao-chan-wa-Benkyou-Dekinai-1-150x211.jpg 150w, https:\/\/honeysanime.com\/wp-content\/uploads\/2018\/12\/Ao-chan-wa-Benkyou-Dekinai-1-300x421.jpg 300w\" sizes=\"(max-width: 356px) 100vw, 356px\" \/>\n\t\t<\/div>\n<aside class=\"exclude-from-excerpt source-link\">\n<div class=\"wrap-source-link  \"><a href=\"http:\/\/www.cdjapan.co.jp\/aff\/click.cgi\/PytJTGW7Lok\/6076\/A340375\/product%2FNEOBK-1953297\" target=\"_blank\" rel=\"noopener\">CDJapan<i class=\"fa fa-external-link ml5\"><\/i><\/a><\/div>\n<\/aside><\/div>\n<\/div>\n<p><!-- \/options --><\/p>\n<h2 class=\"border-text mt40\"><span><i class=\"fa fa-fw fa-bell\"><\/i>Lo que necesitas saber:  <\/span><\/h2>\n<ul class=\"ul-news\">\n<li>El manga de Ren Kawahara, <em>Midara na Ao-chan wa Benkyou Dekinai<\/em> (<em>Ao-chan Can\u2019t Study!<\/em>), es la nueva obra en anunciar su tratamiento anime. Lanzada en octubre de 2015, y con 7 vol\u00famenes publicados, esta historia ya nos muestra una imagen como promesa de lo que se viene. <\/li>\n<li>El estudio a cargo es Silver Link, bajo direcci\u00f3n de Keisuke Inoue. Michiko Yokote se encarga de la composici\u00f3n y Miwa Ooshima de los dise\u00f1os de personajes. <\/li>\n<li><em>Midara na Ao-chan wa Benkyou Dekinai<\/em> nos trae a la hermosa <strong>Ao<\/strong>, quien coment\u00f3 a sus compa\u00f1eros de clase el er\u00f3tico significado detr\u00e1s de su nombre. Con un padre novelista er\u00f3tico y su juventud virtualmente arruinada, decide alejarse de su padre y estudiar furiosamente hasta entrar a una buena universidad y valerse por s\u00ed misma. Lamentablemente para ella, la aparici\u00f3n de un chico deja de lado sus planes de dedicarse a estudiar\u2026 es que no se le confes\u00f3 un chico cualquiera, \u00a1sino el m\u00e1s popular de la academia! Ahora con constantes pensamientos er\u00f3ticos, Ao est\u00e1 en problemas. \u00a1La manzana nunca cae lejos del \u00e1rbol!\n<\/li>\n<\/ul>\n<p class=\"text-right\"><i class=\"fa fa-fw fa-search-plus\"><\/i>Fuente: <a href=\"http:\/\/aochan-anime.com\/\" target=\"_blank\">Web oficial<\/a><\/p>\n<aside class=\"exclude-from-excerpt\">\n<\/aside>\n<hr class=\"hr-dashed mt40 mb40\">\n<div class=\"wrap-balloon-speech\">\n<div class=\"balloon-speech mb10 \">\n<div class=\"left-image\"><img src=\"https:\/\/honeysanime.com\/wp-content\/uploads\/img-common\/icon-ha-characters\/honey-happy4.jpg\"alt = \"Ao-chan-wa-Benkyou-Dekinai-1 \u00a1Midara na Ao-chan wa Benkyou Dekinai da el salto al anime!\" width=\"140\" height=\"140\" class=\"alignnone size-full\" \/><\/div>\n<div class=\"arrow-left\">Jajajaja \u00a1Esto se ve demasiado gracioso!<\/div>\n<\/div>\n<div class=\"balloon-speech mb10 \">\n<div class=\"right-image\"><img src=\"https:\/\/honeysanime.com\/wp-content\/uploads\/img-common\/icon-ha-characters\/bee-sneer.jpg\"alt = \"Ao-chan-wa-Benkyou-Dekinai-1 \u00a1Midara na Ao-chan wa Benkyou Dekinai da el salto al anime!\" width=\"140\" height=\"140\" class=\"alignnone size-full\" \/><\/div>\n<div class=\"arrow-right\">Tiene pinta de \u00e9xito de temporada, \u00bfo no?<\/div>\n<\/div>\n<\/div>\n<hr class=\"hr-dashed mt40 mb40\">\n<div class=\"wrap-ad ad-bottom mt40\">\n<div class=\"mt20 mb20 pr0-xs pl0-xs flexbox justify-content-center\">\n<div class=\"unit-ad\">\n<div class=\"ad-tag\" data-ad-name=\"Sortable_HoneysAnime_Desktop_Bottom_728x90\" data-ad-size=\"728x90\" ><\/div>\n<p><script src=\"\/\/tags-cdn.deployads.com\/a\/blog.honeyfeed.fm.js\" async ><\/script><br \/>\n<script>(deployads = window.deployads || []).push();<\/script><\/div>\n<div class=\"unit-ad mt40-xs\"><!-- temp --> <\/div>\n<\/div>\n<\/div>\n<hr class=\"hr-dashed mt40 mb40\">\n<div class=\"wrap-recommended-post well \">\n<div class=\"row\">\n<div class=\"col-sm-6\">\n<div class=\"overflow-hidden wrap-center-hv\" style=\"height: 180px;\"><a href=\"https:\/\/honeysanime.com\/es\/araburu-kisetsu-no-otomedomo-yo-en-espanol\/\" class=\"hover-zoom\" onClick=ga('send','event','link','click','to_recommended_post_@post_insert');><img width=\"201\" height=\"300\" src=\"https:\/\/honeysanime.com\/wp-content\/uploads\/2018\/12\/Araburu-Kisetsu-no-Otome-Domo-Yo-1--300x448.jpg\" class=\"attachment-medium size-medium wp-post-image\"alt = \"Ao-chan-wa-Benkyou-Dekinai-1 \u00a1Midara na Ao-chan wa Benkyou Dekinai da el salto al anime!\" loading=\"lazy\" srcset=\"https:\/\/honeysanime.com\/wp-content\/uploads\/2018\/12\/Araburu-Kisetsu-no-Otome-Domo-Yo-1--300x448.jpg 300w, https:\/\/honeysanime.com\/wp-content\/uploads\/2018\/12\/Araburu-Kisetsu-no-Otome-Domo-Yo-1--150x224.jpg 150w, https:\/\/honeysanime.com\/wp-content\/uploads\/2018\/12\/Araburu-Kisetsu-no-Otome-Domo-Yo-1-.jpg 335w\" sizes=\"(max-width: 201px) 100vw, 201px\" \/><\/a><\/div>\n<\/div>\n<div class=\"col-sm-6\">\n<p><i class=\"fa fa-fw fa-github-alt\"><\/i>Entrada recomendada<\/p>\n<h3><a href=\"https:\/\/honeysanime.com\/es\/araburu-kisetsu-no-otomedomo-yo-en-espanol\/\" onClick=ga('send','event','link','click','to_recommended_post_@post_insert');>El manga Araburu Kisetsu no Otomedomo yo anuncia su versi\u00f3n anime<\/a><\/h3>\n<\/div>\n<\/div>\n<\/div>\n<div class=\"wrap-recommended-post well \">\n<div class=\"row\">\n<div class=\"col-sm-6\">\n<div class=\"overflow-hidden wrap-center-hv\" style=\"height: 180px;\"><a href=\"https:\/\/honeysanime.com\/es\/sewayaki-kitsune-no-senko-san-en-espanol\/\" class=\"hover-zoom\" onClick=ga('send','event','link','click','to_recommended_post_@post_insert');><img width=\"210\" height=\"300\" src=\"https:\/\/honeysanime.com\/wp-content\/uploads\/2018\/12\/Sewayaki-Kitsune-no-Senko-san-1--300x429.jpg\" class=\"attachment-medium size-medium wp-post-image\"alt = \"Ao-chan-wa-Benkyou-Dekinai-1 \u00a1Midara na Ao-chan wa Benkyou Dekinai da el salto al anime!\" loading=\"lazy\" srcset=\"https:\/\/honeysanime.com\/wp-content\/uploads\/2018\/12\/Sewayaki-Kitsune-no-Senko-san-1--300x429.jpg 300w, https:\/\/honeysanime.com\/wp-content\/uploads\/2018\/12\/Sewayaki-Kitsune-no-Senko-san-1--150x214.jpg 150w, https:\/\/honeysanime.com\/wp-content\/uploads\/2018\/12\/Sewayaki-Kitsune-no-Senko-san-1-.jpg 350w\" sizes=\"(max-width: 210px) 100vw, 210px\" \/><\/a><\/div>\n<\/div>\n<div class=\"col-sm-6\">\n<p><i class=\"fa fa-fw fa-github-alt\"><\/i>Entrada recomendada<\/p>\n<h3><a href=\"https:\/\/honeysanime.com\/es\/sewayaki-kitsune-no-senko-san-en-espanol\/\" onClick=ga('send','event','link','click','to_recommended_post_@post_insert');>La comedia Sewayaki Kitsune no Senko-san tambi\u00e9n llega al anime<\/a><\/h3>\n<\/div>\n<\/div>\n<\/div>\n<div class=\"wrap-recommended-post well \">\n<div class=\"row\">\n<div class=\"col-sm-6\">\n<div class=\"overflow-hidden wrap-center-hv\" style=\"height: 180px;\"><a href=\"https:\/\/honeysanime.com\/es\/el-anime-musical-carole-tuesday-presenta-nuevo-personaje-y-los-musicos-del-proyecto\/\" class=\"hover-zoom\" onClick=ga('send','event','link','click','to_recommended_post_@post_insert');><img width=\"271\" height=\"300\" src=\"https:\/\/honeysanime.com\/wp-content\/uploads\/2018\/12\/Angela-face-Carole-and-Tuesday-300x332.jpg\" class=\"attachment-medium size-medium wp-post-image\"alt = \"Ao-chan-wa-Benkyou-Dekinai-1 \u00a1Midara na Ao-chan wa Benkyou Dekinai da el salto al anime!\" loading=\"lazy\" srcset=\"https:\/\/honeysanime.com\/wp-content\/uploads\/2018\/12\/Angela-face-Carole-and-Tuesday-300x332.jpg 300w, https:\/\/honeysanime.com\/wp-content\/uploads\/2018\/12\/Angela-face-Carole-and-Tuesday-150x166.jpg 150w, https:\/\/honeysanime.com\/wp-content\/uploads\/2018\/12\/Angela-face-Carole-and-Tuesday-768x850.jpg 768w, https:\/\/honeysanime.com\/wp-content\/uploads\/2018\/12\/Angela-face-Carole-and-Tuesday-500x553.jpg 500w, https:\/\/honeysanime.com\/wp-content\/uploads\/2018\/12\/Angela-face-Carole-and-Tuesday-452x500.jpg 452w, https:\/\/honeysanime.com\/wp-content\/uploads\/2018\/12\/Angela-face-Carole-and-Tuesday-700x774.jpg 700w, https:\/\/honeysanime.com\/wp-content\/uploads\/2018\/12\/Angela-face-Carole-and-Tuesday-560x619.jpg 560w, https:\/\/honeysanime.com\/wp-content\/uploads\/2018\/12\/Angela-face-Carole-and-Tuesday.jpg 1073w\" sizes=\"(max-width: 271px) 100vw, 271px\" \/><\/a><\/div>\n<\/div>\n<div class=\"col-sm-6\">\n<p><i class=\"fa fa-fw fa-github-alt\"><\/i>Entrada recomendada<\/p>\n<h3><a href=\"https:\/\/honeysanime.com\/es\/el-anime-musical-carole-tuesday-presenta-nuevo-personaje-y-los-musicos-del-proyecto\/\" onClick=ga('send','event','link','click','to_recommended_post_@post_insert');>El anime musical Carole &#038; Tuesday presenta nuevo personaje y los m\u00fasicos del proyecto<\/a><\/h3>\n<\/div>\n<\/div>\n<\/div>\n","protected":false},"excerpt":{"rendered":"<p>El manga de Ren Kawahara, Midara na Ao-chan wa Benkyou Dekinai (Ao-chan Can\u2019t Study!), es la nueva obra en anunciar su tratamiento anime. Lanzada en octubre de 2015, y con 7 vol\u00famenes publicados, esta historia ya nos muestra una imagen como promesa de lo que se viene. El estudio a cargo es Silver Link, bajo [&hellip;]<\/p>\n","protected":false},"author":829,"featured_media":246410,"comment_status":"open","ping_status":"closed","sticky":false,"template":"","format":"standard","meta":{"spay_email":""},"categories":[136],"tags":[],"themes":[950,746,925],"display":[],"seasonal":[],"jetpack_featured_media_url":"https:\/\/honeysanime.com\/wp-content\/uploads\/2018\/12\/Ao-chan-wa-Benkyou-Dekinai-1.jpg","jetpack_shortlink":"https:\/\/wp.me\/p5dDBg-12pW","_links":{"self":[{"href":"https:\/\/honeysanime.com\/es\/wp-json\/wp\/v2\/posts\/247624"}],"collection":[{"href":"https:\/\/honeysanime.com\/es\/wp-json\/wp\/v2\/posts"}],"about":[{"href":"https:\/\/honeysanime.com\/es\/wp-json\/wp\/v2\/types\/post"}],"author":[{"embeddable":true,"href":"https:\/\/honeysanime.com\/es\/wp-json\/wp\/v2\/users\/829"}],"replies":[{"embeddable":true,"href":"https:\/\/honeysanime.com\/es\/wp-json\/wp\/v2\/comments?post=247624"}],"version-history":[{"count":4,"href":"https:\/\/honeysanime.com\/es\/wp-json\/wp\/v2\/posts\/247624\/revisions"}],"predecessor-version":[{"id":249315,"href":"https:\/\/honeysanime.com\/es\/wp-json\/wp\/v2\/posts\/247624\/revisions\/249315"}],"wp:featuredmedia":[{"embeddable":true,"href":"https:\/\/honeysanime.com\/es\/wp-json\/wp\/v2\/media\/246410"}],"wp:attachment":[{"href":"https:\/\/honeysanime.com\/es\/wp-json\/wp\/v2\/media?parent=247624"}],"wp:term":[{"taxonomy":"category","embeddable":true,"href":"https:\/\/honeysanime.com\/es\/wp-json\/wp\/v2\/categories?post=247624"},{"taxonomy":"post_tag","embeddable":true,"href":"https:\/\/honeysanime.com\/es\/wp-json\/wp\/v2\/tags?post=247624"},{"taxonomy":"themes","embeddable":true,"href":"https:\/\/honeysanime.com\/es\/wp-json\/wp\/v2\/themes?post=247624"},{"taxonomy":"display","embeddable":true,"href":"https:\/\/honeysanime.com\/es\/wp-json\/wp\/v2\/display?post=247624"},{"taxonomy":"seasonal","embeddable":true,"href":"https:\/\/honeysanime.com\/es\/wp-json\/wp\/v2\/seasonal?post=247624"}],"curies":[{"name":"wp","href":"https:\/\/api.w.org\/{rel}","templated":true}]}}