{"id":248812,"date":"2019-01-03T20:00:28","date_gmt":"2019-01-04T01:00:28","guid":{"rendered":"https:\/\/honeysanime.com\/?p=248812\/"},"modified":"2019-01-20T20:44:15","modified_gmt":"2019-01-21T01:44:15","slug":"animes-sobrenaturales-y-de-fantasia-del-invierno-2019","status":"publish","type":"post","link":"https:\/\/honeysanime.com\/es\/animes-sobrenaturales-y-de-fantasia-del-invierno-2019\/","title":{"rendered":"Animes Sobrenaturales y de Fantas\u00eda del invierno 2019"},"content":{"rendered":"<div class=\"wrap-unit mt40\" id=\"scroll-characters-introduction\">\n\t\tAqu\u00ed te presentamos la informaci\u00f3n completa y el preview de cada uno de los animes Sobrenaturales y de Fantas\u00eda del invierno 2019, para que ya tengas en mente cu\u00e1les son las series que se estrenar\u00e1n en la pr\u00f3xima temporada. \u00a1No te olvides de dejarnos en la caja de comentarios cu\u00e1les de estos animes son los que m\u00e1s te interesa ver!\n<\/div>\n<div class=\"wrap-ad ad-top2 \">\n<div class=\"mt20 mb20 pr0-xs pl0-xs flexbox justify-content-center\">\n<div class=\"unit-ad\">\n<div class=\"ad-tag\" data-ad-name=\"Sortable_HoneysAnime_Desktop_Top_728x90\" data-ad-size=\"728x90\" ><\/div>\n<p><script src=\"\/\/tags-cdn.deployads.com\/a\/blog.honeyfeed.fm.js\" async ><\/script><br \/>\n<script>(deployads = window.deployads || []).push();<\/script><\/div>\n<div class=\"unit-ad mt40-xs\"><!-- temp --> <\/div>\n<\/div>\n<\/div>\n<div class=\"wrap-unit\" id=\"scroll-recommendations-unit5\">\n<h1>\n    <i class=\"fa fa-fw fa-film\"><\/i> 1. Dororo<br \/>\n  <\/h1>\n<div align=\"center\">\n<div class=\"inline-block\">\n<div class=\"img-shadow\">\n<aside class=\"exclude-from-excerpt\">\n<div class=\"twitter-tweet\">\n<blockquote class=\"twitter-tweet\" data-lang=\"es\">\n<p lang=\"ja\" dir=\"ltr\">\u3010\u7b2c\uff11\u5f3e\u30ad\u30fc\u30d3\u30b8\u30e5\u30a2\u30eb\u516c\u958b\uff01\u3011<br \/>2019\u5e74\uff11\u6708\u653e\u9001\u4e88\u5b9a\uff01TV\u30a2\u30cb\u30e1\u300c\u3069\u308d\u308d\u300d\u7b2c\uff11\u5f3e\u30ad\u30fc\u30d3\u30b8\u30e5\u30a2\u30eb\u516c\u958b\uff01<a href=\"https:\/\/twitter.com\/hashtag\/%E3%81%A9%E3%82%8D%E3%82%8D?src=hash&amp;ref_src=twsrc%5Etfw\">#\u3069\u308d\u308d<\/a> <a href=\"https:\/\/t.co\/xJ5j4L3iW7\">pic.twitter.com\/xJ5j4L3iW7<\/a><\/p>\n<p>&mdash; TV\u30a2\u30cb\u30e1\u300c\u3069\u308d\u308d\u300d\u516c\u5f0f (@dororo_anime) <a href=\"https:\/\/twitter.com\/dororo_anime\/status\/1036539426552381441?ref_src=twsrc%5Etfw\">3 de septiembre de 2018<\/a><\/p><\/blockquote>\n<\/div>\n<\/aside><\/div>\n<\/p><\/div>\n<\/p><\/div>\n<ul class=\"text-gray mt30\">\n<li>G\u00e9neros: Hist\u00f3rico, Drama, Sobrenatural, Acci\u00f3n<\/li>\n<li>Emisi\u00f3n: 7 de enero, 2019 <\/li>\n<\/ul>\n<div class=\"wrap-paragraph mt30\">\n<p>\n      Es la era Sengoku, el per\u00edodo de los estados en guerra.<\/p>\n<p>\t\t\t<strong>Kagemitsu<\/strong> es el l\u00edder de un pa\u00eds que experimenta el nirvana, y le reza a 12 dioses por la prosperidad de su pueblo. A cambio de su deseo, el hijo de Kagemitsu naci\u00f3 inv\u00e1lido, y como hijo no deseado, fue enviado al r\u00edo, a la deriva. <\/p>\n<p>\t\t\tEl tiempo pas\u00f3 y el acuerdo de Kagemitsu y los dioses por f\u00edn se cumpli\u00f3: la paz reina en el pa\u00eds. Cierto d\u00eda, un bandido llamado <strong>Dororo<\/strong> se encuentra con un misterioso hombre, que no se sabe si es humano o un demonio. Tiene espadas donde deber\u00edan estyar sus manos y todo su cuerpo fue modificado. A\u00fan con sus ojos ciegos, se enfoca en cada enemigo que est\u00e1 por atacar.\n    <\/p>\n<\/p><\/div>\n<h2 class=\"mt40\">Dororo Official - Video promocional<\/h2>\n<div class=\"wrap-movie text-center\">\n    <iframe width=\"560\" height=\"315\" src=\"https:\/\/www.youtube.com\/embed\/Fuph-DDesSA\" frameborder=\"0\" allow=\"accelerometer; autoplay; encrypted-media; gyroscope; picture-in-picture\" allowfullscreen><\/iframe>\n  <\/div>\n<\/div>\n<p><!-- \/.wrap-unit --><\/p>\n<div class=\"wrap-unit\" id=\"scroll-recommendations-unit5\">\n<h1>\n    <i class=\"fa fa-fw fa-film\"><\/i> 2. Endro~<br \/>\n  <\/h1>\n<div align=\"center\">\n<div class=\"inline-block\">\n<div class=\"img-shadow\">\n<aside class=\"exclude-from-excerpt\">\n<div class=\"twitter-tweet\">\n<blockquote class=\"twitter-tweet\" data-lang=\"es\">\n<p lang=\"ja\" dir=\"ltr\">TV\u30a2\u30cb\u30e1\u300c\u3048\u3093\u3069\u308d\u301c\uff01\u300d\u30ad\u30fc\u30d3\u30b8\u30e5\u30a2\u30eb\u3092\u516c\u958b\u3057\u307e\u3057\u305f\u2757\ufe0f<\/p>\n<p>\u201d\u52c7\u8005\u30d1\u30fc\u30c6\u30a3\u201d\u306e\u4ef2\u9593\u305f\u3061\u304c\u96c6\u5408\ud83d\ude06\ud83c\udf89<\/p>\n<p>\u516c\u5f0fHP\u3067\u306f\u7269\u8a9e\u306e\u30a4\u30f3\u30c8\u30ed\u30c0\u30af\u30b7\u30e7\u30f3\u3082\u516c\u958b\u3057\u3066\u304a\u308a\u307e\u3059\u306e\u3067\u3001\u305c\u3072\u30c1\u30a7\u30c3\u30af\u3057\u3066\u4e0b\u3055\u3044\u306d\ud83d\udc40\u2728<a href=\"https:\/\/t.co\/tvigrSB7pl\">https:\/\/t.co\/tvigrSB7pl<\/a><a href=\"https:\/\/twitter.com\/hashtag\/%E3%81%88%E3%82%93%E3%81%A9%E3%82%8D?src=hash&amp;ref_src=twsrc%5Etfw\">#\u3048\u3093\u3069\u308d<\/a><a href=\"https:\/\/twitter.com\/hashtag\/%E3%81%82%E3%82%8A%E3%81%9D%E3%81%A7%E3%81%AA%E3%81%8B%E3%81%A3%E3%81%9F%E6%97%A5%E5%B8%B8%E7%B3%BB%E3%83%95%E3%82%A1%E3%83%B3%E3%82%BF%E3%82%B8%E3%83%BC?src=hash&amp;ref_src=twsrc%5Etfw\">#\u3042\u308a\u305d\u3067\u306a\u304b\u3063\u305f\u65e5\u5e38\u7cfb\u30d5\u30a1\u30f3\u30bf\u30b8\u30fc<\/a><a href=\"https:\/\/twitter.com\/hashtag\/2019%E5%B9%B41%E6%9C%88%E6%94%BE%E9%80%81?src=hash&amp;ref_src=twsrc%5Etfw\">#2019\u5e741\u6708\u653e\u9001<\/a> <a href=\"https:\/\/t.co\/S06o4X8lM3\">pic.twitter.com\/S06o4X8lM3<\/a><\/p>\n<p>&mdash; TV\u30a2\u30cb\u30e1\u300c\u3048\u3093\u3069\u308d\u301c\uff01\u300d\u516c\u5f0f (@endro_anime) <a href=\"https:\/\/twitter.com\/endro_anime\/status\/1054659113420902400?ref_src=twsrc%5Etfw\">23 de octubre de 2018<\/a><\/p><\/blockquote>\n<\/div>\n<\/aside><\/div>\n<\/p><\/div>\n<\/p><\/div>\n<ul class=\"text-gray mt30\">\n<li>G\u00e9neros: Recuentos de la Vida, Aventura, Fantas\u00eda<\/li>\n<li>Emisi\u00f3n: 13 de enero, 2019 <\/li>\n<\/ul>\n<div class=\"wrap-paragraph mt30\">\n<p>\n\t\t\tMi nombre es <strong>Yuusha<\/strong>, y estoy desempleado.<\/p>\n<p>\t\t\t<em>Isla Naral<\/em> es un enorme continente donde los monstruos y la magia existen, liderados por un terror\u00edfico l\u00edder. A\u00f1os atr\u00e1s, la primera generaci\u00f3n de h\u00e9roes derrot\u00f3 al Rey Demonio, y desde entonces este enemigo ha vuelto a la vida una y otra vez, solo para encontrarse con la resistencia de los h\u00e9roes. <\/p>\n<p>\t\t\tLas chicas atienden una escuela de h\u00e9roes donde esperan la llegada del Rey Demonio, y ah\u00ed encontramos a Yuusha, una gran hero\u00edna pero de cabeza muy dispersa. Con ella est\u00e1 la seria elfa <strong>Seira<\/strong>, la guerrera comelona <strong>Fai<\/strong>, y la pac\u00edfica maga <strong>Mei<\/strong>. Las 4 sue\u00f1an con ser las pr\u00f3ximas hero\u00ednas de <em>Isla Naral<\/em>, pero a\u00fan no parecen estar listas para tal tarea...\n    <\/p>\n<\/p><\/div>\n<h2 class=\"mt40\">Endro~ - Video promocional<\/h2>\n<div class=\"wrap-movie text-center\">\n    <iframe width=\"560\" height=\"315\" src=\"https:\/\/www.youtube.com\/embed\/Ft85vc_wew4\" frameborder=\"0\" allow=\"accelerometer; autoplay; encrypted-media; gyroscope; picture-in-picture\" allowfullscreen><\/iframe>\n  <\/div>\n<\/div>\n<p><!-- \/.wrap-unit --><\/p>\n<div class=\"wrap-unit\" id=\"scroll-recommendations-unit5\">\n<h1>\n    <i class=\"fa fa-fw fa-film\"><\/i> 3. Fukigen na Mononokean 2da Temporada<br \/>\n  <\/h1>\n<div align=\"center\">\n<div class=\"inline-block\">\n<div class=\"img-shadow\">\n<aside class=\"exclude-from-excerpt\">\n<img loading=\"lazy\" src=\"https:\/\/honeysanime.com\/wp-content\/uploads\/2018\/06\/Fukigen-na-Mononokean.The-Morose-Mononokean-333x500.jpg\"alt = \"Fukigen-na-Mononokean.The-Morose-Mononokean-333x500 Animes Sobrenaturales y de Fantas\u00eda del invierno 2019\" width=\"333\" height=\"500\" class=\"aligncenter size-height-500 wp-image-227540\" srcset=\"https:\/\/honeysanime.com\/wp-content\/uploads\/2018\/06\/Fukigen-na-Mononokean.The-Morose-Mononokean-333x500.jpg 333w, https:\/\/honeysanime.com\/wp-content\/uploads\/2018\/06\/Fukigen-na-Mononokean.The-Morose-Mononokean-150x225.jpg 150w, https:\/\/honeysanime.com\/wp-content\/uploads\/2018\/06\/Fukigen-na-Mononokean.The-Morose-Mononokean-300x450.jpg 300w, https:\/\/honeysanime.com\/wp-content\/uploads\/2018\/06\/Fukigen-na-Mononokean.The-Morose-Mononokean-500x750.jpg 500w, https:\/\/honeysanime.com\/wp-content\/uploads\/2018\/06\/Fukigen-na-Mononokean.The-Morose-Mononokean-560x840.jpg 560w, https:\/\/honeysanime.com\/wp-content\/uploads\/2018\/06\/Fukigen-na-Mononokean.The-Morose-Mononokean.jpg 640w\" sizes=\"(max-width: 333px) 100vw, 333px\" \/><\/p>\n<aside class=\"exclude-from-excerpt source-link\">\n<div class=\"wrap-source-link  \"><a href=\"http:\/\/www.crunchyroll.com\/the-morose-mononokean\" target=\"_blank\" rel=\"noopener\">Crunchyroll<i class=\"fa fa-external-link ml5\"><\/i><\/a><\/div>\n<\/aside>\n<\/aside><\/div>\n<\/p><\/div>\n<\/p><\/div>\n<ul class=\"text-gray mt30\">\n<li>G\u00e9neros: Sobrenatural, Comedia<\/li>\n<li>Emisi\u00f3n: eneroy 2019 <\/li>\n<\/ul>\n<div class=\"wrap-paragraph mt30\">\n<p>\n\t\t\t\"<em>Youkaibarai<\/em>\" es el peculiar trabajo de ayudar a los espiritus que por alguna razon han llegado al mundo humano, a cruzar hacia el plano del m\u00e1s all\u00e1.<\/p>\n<p>\t\t\tUn d\u00eda, <strong>Hanae Ashiya<\/strong>, un chico de secundaria quien est\u00e1 siendo perseguido por un esp\u00edritu, visita la agencia de los <em>youkaibarais<\/em> llamada <em>Mononokean<\/em>. All\u00ed conoce al propietario, <strong>Haruitsuki Abeno<\/strong>, que parece ser miserable. Debido a una serie de acontecimientos, Ashiya termina trabajando a medio tiempo para <em>Mononokean<\/em>, y es as\u00ed como comienza la historia de este d\u00fao.\n    <\/p>\n<\/p><\/div>\n<h2 class=\"mt40\">Fukigen na Mononokean 2da Temporada - Video promocional<\/h2>\n<div class=\"wrap-movie text-center\">\n    <iframe width=\"560\" height=\"315\" src=\"https:\/\/www.youtube.com\/embed\/BR6HHXeVY4Q\" frameborder=\"0\" allow=\"accelerometer; autoplay; encrypted-media; gyroscope; picture-in-picture\" allowfullscreen><\/iframe>\n  <\/div>\n<\/div>\n<p><!-- \/.wrap-unit --><\/p>\n<div class=\"wrap-unit\" id=\"scroll-recommendations-unit5\">\n<h1>\n    <i class=\"fa fa-fw fa-film\"><\/i> 3. GeGeGe no Kitarou<br \/>\n  <\/h1>\n<div align=\"center\">\n<div class=\"inline-block\">\n<div class=\"img-shadow\">\n<aside class=\"exclude-from-excerpt\">\n<aside class=\"exclude-from-excerpt\">\n<div class=\"twitter-tweet\">\n<blockquote class=\"twitter-tweet\" data-lang=\"es\">\n<p lang=\"ja\" dir=\"ltr\">\uff3c\u2728\u89e3\u7981\uff0110\u6708\u3088\u308a\u65b0\u7ae0\u958b\u59cb\u2728\uff0f<br \/>\u65e5\u672c\u5996\u602aVS\u897f\u6d0b\u5996\u602a\u306e\u5927\u30d0\u30c8\u30eb\u958b\u5e55\uff0110\u67087\u65e5(\u65e5)\u3088\u308a\u65b0\u7ae0\u300c\u897f\u6d0b\u5996\u602a\u7de8\u300d\u30b9\u30bf\u30fc\u30c8\u6c7a\u5b9a\uff01<\/p>\n<p>\u30d0\u30c3\u30af\u30d9\u30a2\u30fc\u30c9\u7387\u3044\u308b\u897f\u6d0b\u5996\u602a\u8ecd\u56e3\u304c\u3044\u3088\u3044\u308810\u67087\u65e5(\u65e5)\u653e\u9001\u7b2c27\u8a71\u3088\u308a\u767b\u5834\uff01<br \/>\u7d9a\u5831\u3092\u304a\u697d\u3057\u307f\u306b\uff01<a href=\"https:\/\/t.co\/s5OB1kYJcs\">https:\/\/t.co\/s5OB1kYJcs<\/a><a href=\"https:\/\/twitter.com\/hashtag\/%E3%82%B2%E3%82%B2%E3%82%B2%E3%81%AE%E9%AC%BC%E5%A4%AA%E9%83%8E?src=hash&amp;ref_src=twsrc%5Etfw\">#\u30b2\u30b2\u30b2\u306e\u9b3c\u592a\u90ce<\/a><a href=\"https:\/\/twitter.com\/hashtag\/%E8%A5%BF%E6%B4%8B%E5%A6%96%E6%80%AA%E6%9D%A5%E8%A5%B2?src=hash&amp;ref_src=twsrc%5Etfw\">#\u897f\u6d0b\u5996\u602a\u6765\u8972<\/a><a href=\"https:\/\/twitter.com\/hashtag\/10%E6%9C%88%E6%96%B0%E7%AB%A0?src=hash&amp;ref_src=twsrc%5Etfw\">#10\u6708\u65b0\u7ae0<\/a> <a href=\"https:\/\/t.co\/m54YkpZukW\">pic.twitter.com\/m54YkpZukW<\/a><\/p>\n<p>&mdash; \u300c\u30b2\u30b2\u30b2\u306e\u9b3c\u592a\u90ce\u300d(\u7b2c6\u671f\uff09\u516c\u5f0f (@kitaroanime50th) <a href=\"https:\/\/twitter.com\/kitaroanime50th\/status\/1035694006036922368?ref_src=twsrc%5Etfw\">1 de septiembre de 2018<\/a><\/p><\/blockquote>\n<\/div>\n<\/aside>\n<\/aside><\/div>\n<\/p><\/div>\n<\/p><\/div>\n<ul class=\"text-gray mt30\">\n<li>G\u00e9neros: Fantas\u00eda, Comedia, Terror<\/li>\n<li>Emisi\u00f3n: 1 de abril, 2018 <\/li>\n<\/ul>\n<div class=\"wrap-paragraph mt30\">\n<p>\n\t\t\t\u00a1Bienvenido a esta nueva era! Es el a\u00f1o 20 del siglo XXI, en donde la humanidad ha olvidado completamente la existencia de los <em>youkai<\/em>.<\/p>\n<p>Hay un fen\u00f3meno que ocurre frecuentemente y que la ciencia no puede explicar, y los adultos han creado rumores al respecto a tal punto que se han salido de las manos.<\/p>\n<p>\t\t\tUna chica de 13 a\u00f1os, <strong>Mana<\/strong>, ha decidido hacer algo al respecto, y escribe una carta la cual mete en un buz\u00f3n de correos <em>youkai<\/em>. Lo que aparece en frente de Mana, no es otro que <strong>Kitarou<\/strong> de <em>GeGeGe<\/em>.\n    <\/p>\n<\/p><\/div>\n<h2 class=\"mt40\">GeGeGe no Kitarou - Video promocional<\/h2>\n<div class=\"wrap-movie text-center\">\n    <iframe width=\"560\" height=\"315\" src=\"https:\/\/www.youtube.com\/embed\/7JqbHc9Polo\" frameborder=\"0\" allow=\"autoplay; encrypted-media\" allowfullscreen><\/iframe>\n  <\/div>\n<\/div>\n<p><!-- \/.wrap-unit --><\/p>\n<div class=\"wrap-ad ad-middle \">\n<div class=\"mt20 mb20 pr0-xs pl0-xs flexbox justify-content-center\">\n<div class=\"unit-ad\">\n<div class=\"ad-tag\" data-ad-name=\"Sortable_HoneysAnime_Desktop_Middle_728x90\" data-ad-size=\"728x90\" ><\/div>\n<p><script src=\"\/\/tags-cdn.deployads.com\/a\/blog.honeyfeed.fm.js\" async ><\/script><br \/>\n<script>(deployads = window.deployads || []).push();<\/script><\/div>\n<div class=\"unit-ad mt40-xs\"><!-- temp --> <\/div>\n<\/div>\n<\/div>\n<p><!-- !! remember to put this in the middle !!--><\/p>\n<div class=\"wrap-unit\" id=\"scroll-recommendations-unit5\">\n<h1>\n    <i class=\"fa fa-fw fa-film\"><\/i> 5. Kemono Friends 2da Temporada<br \/>\n  <\/h1>\n<div align=\"center\">\n<div class=\"inline-block\">\n<div class=\"img-shadow\">\n<aside class=\"exclude-from-excerpt\">\n<div class=\"twitter-tweet\">\n<blockquote class=\"twitter-tweet\" data-lang=\"es\">\n<p lang=\"ja\" dir=\"ltr\">\u3010TV\u30a2\u30cb\u30e1\u300c\u3051\u3082\u306e\u30d5\u30ec\u30f3\u30ba\uff12\u300d\u65b0\u60c5\u5831\u89e3\u7981\u3011<\/p>\n<p>2019\u5e741\u67087\u65e5(\u6708)\u653e\u9001\u958b\u59cb\u203c\ufe0f<br \/>\u203b 1\u67087\u65e5(\u6708)\u306f\u653e\u9001\u958b\u59cb\u8a18\u5ff5\u7279\u756a\u306b\u306a\u308a\u307e\u3059\u3002 <\/p>\n<p>\u305d\u3057\u3066\u7b2c\uff16\u5f3e\u306e\u30d3\u30b8\u30e5\u30a2\u30eb\u3082\u516c\u958b\uff01<br \/>\u30ad\u30e3\u30b9\u30c8\uff06\u30b9\u30bf\u30c3\u30d5\u3082\u30db\u30fc\u30e0\u30da\u30fc\u30b8\u3067\u89e3\u7981\u81f4\u3057\u307e\u3057\u305f\uff01<\/p>\n<p>\u8a73\u3057\u304f\u306f\u3053\u3061\u3089 \ud83d\udc3e  <a href=\"https:\/\/t.co\/eRl3Xn58WF\">https:\/\/t.co\/eRl3Xn58WF<\/a><a href=\"https:\/\/twitter.com\/hashtag\/%E3%81%91%E3%82%82%E3%81%AE%E3%83%95%E3%83%AC%E3%83%B3%E3%82%BA?src=hash&amp;ref_src=twsrc%5Etfw\">#\u3051\u3082\u306e\u30d5\u30ec\u30f3\u30ba<\/a> <a href=\"https:\/\/t.co\/74SDD8pcAM\">pic.twitter.com\/74SDD8pcAM<\/a><\/p>\n<p>&mdash; \u3010\u516c\u5f0f\u3011\u3051\u3082\u306e\u30d5\u30ec\u30f3\u30ba\uff12\u30a2\u30cb\u30e1 (@kemono_anime) <a href=\"https:\/\/twitter.com\/kemono_anime\/status\/1056743579907813378?ref_src=twsrc%5Etfw\">29 de octubre de 2018<\/a><\/p><\/blockquote>\n<\/div>\n<\/aside><\/div>\n<\/p><\/div>\n<\/p><\/div>\n<ul class=\"text-gray mt30\">\n<li>G\u00e9neros: Fantas\u00eda, Aventura<\/li>\n<li>Emisi\u00f3n: 8 de enero, 2019 <\/li>\n<\/ul>\n<div class=\"wrap-paragraph mt30\">\n<p>\n\t\t\tEn el gigantesco parque zool\u00f3gico <em>Japari Park<\/em>, los animales cambian a una apariencia humana debido a la misteriosa sustancia llamada <em>Sand Star<\/em>, y se convierten en <em>Friends<\/em>. Mucha gente visita el zool\u00f3gico y se divierte, pero un d\u00eda, una ni\u00f1a se separa del grupo y se pierde. Queriendo volver por donde vino, se encuentra con <strong>Serval<\/strong> y sin quererlo se embarca en una nueva aventura, \u00a1y se le unen las otras <em>Friends<\/em>!\n    <\/p>\n<\/p><\/div>\n<h2 class=\"mt40\">Kemono Friends 2da Temporada - Video promocional<\/h2>\n<div class=\"wrap-movie text-center\">\n    <iframe width=\"560\" height=\"315\" src=\"https:\/\/www.youtube.com\/embed\/Jb94vH0VAek\" frameborder=\"0\" allow=\"accelerometer; autoplay; encrypted-media; gyroscope; picture-in-picture\" allowfullscreen><\/iframe>\n  <\/div>\n<\/div>\n<p><!-- \/.wrap-unit --><\/p>\n<div class=\"wrap-unit\" id=\"scroll-recommendations-unit5\">\n<h1>\n    <i class=\"fa fa-fw fa-film\"><\/i> 6. Kemurikusa<br \/>\n  <\/h1>\n<div align=\"center\">\n<div class=\"inline-block\">\n<div class=\"img-shadow\">\n<aside class=\"exclude-from-excerpt\">\n<div class=\"twitter-tweet\">\n<blockquote class=\"twitter-tweet\" data-lang=\"es\">\n<p lang=\"ja\" dir=\"ltr\">\u539f\u4f5c\u30fb\u811a\u672c\u30fb\u76e3\u7763\u3092\u305f\u3064\u304d\u304c\u624b\u304c\u3051\u308b2019\u5e741\u6708\u653e\u9001\u4e88\u5b9a\u306eTV\u30a2\u30cb\u30e1\u300c\u30b1\u30e0\u30ea\u30af\u30b5\u300d\u3001\u516c\u5f0fTwitter\u3092\u672c\u65e5\u3088\u308a\u958b\u59cb\u81f4\u3057\u307e\u3059\u3002\u6ca2\u5c71\u306e\u65b9\u3005\u306b\u697d\u3057\u3093\u3067\u9802\u3051\u308b\u4f5c\u54c1\u306b\u306a\u308a\u307e\u3059\u3088\u3046\u30b9\u30bf\u30c3\u30d5\u4e00\u540c\u92ed\u610f\u5236\u4f5c\u4e2d\u3067\u3059\u306e\u3067\u304a\u5f85\u3061\u4e0b\u3055\u3044\uff01 <a href=\"https:\/\/t.co\/jIldmQLH9j\">pic.twitter.com\/jIldmQLH9j<\/a><\/p>\n<p>&mdash; TV\u30a2\u30cb\u30e1\u300c\u30b1\u30e0\u30ea\u30af\u30b5\u300d\u516c\u5f0f\u2618\u6700\u7d42\u8a71\u3054\u8996\u8074\u3042\u308a\u304c\u3068\u3046\u3054\u3056\u3044\u307e\u3057\u305f\u2618 (@kemurikusa) <a href=\"https:\/\/twitter.com\/kemurikusa\/status\/1027721300352020481?ref_src=twsrc%5Etfw\">10 de agosto de 2018<\/a><\/p><\/blockquote>\n<\/div>\n<\/aside><\/div>\n<\/p><\/div>\n<\/p><\/div>\n<ul class=\"text-gray mt30\">\n<li>G\u00e9neros: Fantas\u00eda<\/li>\n<li>Emisi\u00f3n: 9 de enero, 2019 <\/li>\n<\/ul>\n<h2 class=\"mt40\">Kemurikusa Official PV<\/h2>\n<div class=\"wrap-movie text-center\">\n<div class=\"twitter-tweet\">\n<blockquote class=\"twitter-tweet\" data-lang=\"es\">\n<p lang=\"ja\" dir=\"ltr\">\u8da3\u5473\u306e\u30a2\u30cb\u30e10.6\u8a71\u3067\u3059\u3000<a href=\"https:\/\/twitter.com\/hashtag\/%E3%82%B1%E3%83%A0%E3%83%AA%E3%82%AF%E3%82%B5?src=hash&amp;ref_src=twsrc%5Etfw\">#\u30b1\u30e0\u30ea\u30af\u30b5<\/a> <a href=\"https:\/\/t.co\/sllyedcArU\">pic.twitter.com\/sllyedcArU<\/a><\/p>\n<p>&mdash; \u305f\u3064\u304d\uff0firodori (@irodori7) <a href=\"https:\/\/twitter.com\/irodori7\/status\/1057647504097865728?ref_src=twsrc%5Etfw\">31 de octubre de 2018<\/a><\/p><\/blockquote>\n<\/div><\/div>\n<\/div>\n<p><!-- \/.wrap-unit --><\/p>\n<div class=\"wrap-unit\" id=\"scroll-recommendations-unit5\">\n<h1>\n    <i class=\"fa fa-fw fa-film\"><\/i> 7. Pastel Memories<br \/>\n  <\/h1>\n<div align=\"center\">\n<div class=\"inline-block\">\n<div class=\"img-shadow\">\n<aside class=\"exclude-from-excerpt\">\n<div class=\"twitter-tweet\">\n<blockquote class=\"twitter-tweet\" data-lang=\"es\">\n<p lang=\"ja\" dir=\"ltr\">\u3010\u30cb\u30e5\u30fc\u30b9\u3011\u300e\u3071\u3059\u3066\u308b\u30e1\u30e2\u30ea\u30fc\u30ba\u300f2019\u5e741\u6708\u653e\u9001\u30b9\u30bf\u30fc\u30c8\uff01\u3000OP\u30c6\u30fc\u30de\u306f\u4eca\u4e95\u9ebb\u7f8e\u3055\u3093\u3001ED\u30c6\u30fc\u30de\u306f\u30a4\u30b1\u3066\u308b\u30cf\u30fc\u30c4\u306b\u6c7a\u5b9a\uff01\u3000\u30ad\u30e3\u30e9\u30af\u30bf\u30fc\u8a2d\u5b9a\u753b\u3082\u516c\u958b <a href=\"https:\/\/twitter.com\/hashtag\/%E3%81%B1%E3%81%99%E3%83%A1%E3%83%A2?src=hash&amp;ref_src=twsrc%5Etfw\">#\u3071\u3059\u30e1\u30e2<\/a> <a href=\"https:\/\/t.co\/ChkYBc7BXC\">https:\/\/t.co\/ChkYBc7BXC<\/a> <a href=\"https:\/\/t.co\/HVZFYAX90R\">pic.twitter.com\/HVZFYAX90R<\/a><\/p>\n<p>&mdash; \u30a2\u30cb\u30e1\u30a4\u30c8\u30bf\u30a4\u30e0\u30ba\u516c\u5f0f (@animatetimes) <a href=\"https:\/\/twitter.com\/animatetimes\/status\/1048165914061893632?ref_src=twsrc%5Etfw\">5 de octubre de 2018<\/a><\/p><\/blockquote>\n<\/div>\n<\/aside><\/div>\n<\/p><\/div>\n<\/p><\/div>\n<ul class=\"text-gray mt30\">\n<li>G\u00e9neros: Acci\u00f3n, Fantas\u00eda<\/li>\n<li>Emisi\u00f3n: 8 de enero, 2019 <\/li>\n<\/ul>\n<div class=\"wrap-paragraph mt30\">\n<p>\n      Akihabara. Se dice que esta zona de Tokio es la capital de la cultura otaku, pero est\u00e1 llena de oficinas. Los recuerdos de lo que eran el anime y el manga est\u00e1n desapareciendo, y todas las tiendas de renombre fueron desapareciendo. LO \u00fanico que mantiene viva la esencia de Akihabara es la memoria de la gente, pero eso podr\u00eda desaparecer en poco tiempo...<\/p>\n<p>\t\t\t\u00a1Hay que pelear para mantener vivos los recuerdos otakus!<\/p>\n<p>\t\t\tEsta es la historia de 12 chicas que mantienen una tienda en Akihabara, llamada <em>Usagi Koya HOnpo<\/em>. \u00a1Ellas trabajar\u00e1n d\u00eda y noche para devolver Akihabara a sus d\u00edas de gloria!\n    <\/p>\n<\/p><\/div>\n<h2 class=\"mt40\">Pastel Memories - Video promocional<\/h2>\n<div class=\"wrap-movie text-center\">\n    <iframe width=\"560\" height=\"315\" src=\"https:\/\/www.youtube.com\/embed\/Nxo9vH5-54I\" frameborder=\"0\" allow=\"accelerometer; autoplay; encrypted-media; gyroscope; picture-in-picture\" allowfullscreen><\/iframe>\n  <\/div>\n<\/div>\n<p><!-- \/.wrap-unit --><\/p>\n<div class=\"wrap-unit\" id=\"scroll-recommendations-unit5\">\n<h1>\n    <i class=\"fa fa-fw fa-film\"><\/i> 8. To Aru Majutsu no Index 3ra Temporada<br \/>\n  <\/h1>\n<div align=\"center\">\n<div class=\"inline-block\">\n<div class=\"img-shadow\">\n<aside class=\"exclude-from-excerpt\">\n<div class=\"twitter-tweet\">\n<blockquote class=\"twitter-tweet\" data-lang=\"es\">\n<p lang=\"ja\" dir=\"ltr\">\u304a\u307e\u305f\u305b\u3057\u307e\u3057\u305f\uff01<\/p>\n<p>\u3068\u3042\u308b\u9b54\u8853\u306e\u7981\u66f8\u76ee\u9332\u2162<br \/>TOKYO MX\u307b\u304b\u306b\u306610\u6708\u3088\u308a\u653e\u9001\u6c7a\u5b9a\uff01<\/p>\n<p>\u305d\u3057\u3066\u3001\u30ad\u30fc\u30d3\u30b8\u30e5\u30a2\u30eb\u3001\u30b9\u30bf\u30c3\u30d5\u3001\u30a4\u30f3\u30c8\u30ed\u30c0\u30af\u30b7\u30e7\u30f3\u3082\u516c\u958b\u3057\u307e\u3057\u305f\uff01<a href=\"https:\/\/t.co\/42UjaJwIai\">https:\/\/t.co\/42UjaJwIai<\/a><a href=\"https:\/\/twitter.com\/hashtag\/%E3%81%A8%E3%81%82%E3%82%8B?src=hash&amp;ref_src=twsrc%5Etfw\">#\u3068\u3042\u308b<\/a> <a href=\"https:\/\/t.co\/S3GkLEAkPB\">pic.twitter.com\/S3GkLEAkPB<\/a><\/p>\n<p>&mdash; \u3068\u3042\u308b\u30d7\u30ed\u30b8\u30a7\u30af\u30c8\u516c\u5f0f (@toaru_project) <a href=\"https:\/\/twitter.com\/toaru_project\/status\/1005283448548818944?ref_src=twsrc%5Etfw\">9 de junio de 2018<\/a><\/p><\/blockquote>\n<\/div>\n<\/aside><\/div>\n<\/p><\/div>\n<\/p><\/div>\n<ul class=\"text-gray mt30\">\n<li>G\u00e9neros: Fantas\u00eda, Acci\u00f3n, Sobrenatural<\/li>\n<li>Emisi\u00f3n: 5 de octubre, 2018 <\/li>\n<\/ul>\n<div class=\"wrap-paragraph mt30\">\n<p>\n Al oeste de Tokio, una imponente ciudad academia se erige.<\/p>\n<p>\t\t\tCon alrededor de 2.3 milliones de personas, 80% de ellos estudiantes, los habitantes se dividen en 6 categor\u00edas seg\u00fan sus capacidades como <em>espers<\/em>. <strong>Touma Kamijou<\/strong> es uno de esos estudiantes, y contin\u00faa sus aventuras junto a <strong>Index<\/strong> en esta tercera temporada.\n    <\/p>\n<\/p><\/div>\n<h2 class=\"mt40\">To Aru Majutsu no Index - Video promocional<\/h2>\n<div class=\"wrap-movie text-center\">\n    <iframe width=\"560\" height=\"315\" src=\"https:\/\/www.youtube.com\/embed\/raPx29Gxbn0\" frameborder=\"0\" allow=\"accelerometer; autoplay; encrypted-media; gyroscope; picture-in-picture\" allowfullscreen><\/iframe>\n  <\/div>\n<\/div>\n<p><!-- \/.wrap-unit --><\/p>\n<div class=\"wrap-unit\" id=\"scroll-recommendations-unit5\">\n<h1>\n    <i class=\"fa fa-fw fa-film\"><\/i> 9. W'z<br \/>\n  <\/h1>\n<div align=\"center\">\n<div class=\"inline-block\">\n<div class=\"img-shadow\">\n<aside class=\"exclude-from-excerpt\">\n<div class=\"twitter-tweet\">\n<blockquote class=\"twitter-tweet\" data-lang=\"es\">\n<p lang=\"ja\" dir=\"ltr\">\ud83c\udfa72019\u5e741\u67085\u65e5\u30b9\u30bf\u30fc\u30c8\ud83c\udfa7<br \/>TV\u30a2\u30cb\u30e1\u300cW&#39;z\u300a\u30a6\u30a3\u30ba\u300b\u300d<br \/>\u516c\u5f0f\u30b5\u30a4\u30c8\u3092\u30ea\u30cb\u30e5\u30fc\u30a2\u30eb\u3057\u307e\u3057\u305f\ud83c\udfb5<br \/>\u30c8\u30c3\u30d7\u30da\u30fc\u30b8\u306b\u65b0\u30ad\u30fc\u30d3\u30b8\u30e5\u30a2\u30eb\u3092\u63b2\u8f09\uff01<br \/>\u305c\u3072\u30a2\u30af\u30bb\u30b9\u3057\u3066\u307f\u3066\u4e0b\u3055\u3044\u306d\uff01<br \/>\ud83d\udc49<a href=\"https:\/\/t.co\/jVdTJ9kVU9\">https:\/\/t.co\/jVdTJ9kVU9<\/a><a href=\"https:\/\/twitter.com\/hashtag\/%E3%82%A6%E3%82%A3%E3%82%BA?src=hash&amp;ref_src=twsrc%5Etfw\">#\u30a6\u30a3\u30ba<\/a> <a href=\"https:\/\/t.co\/t9Kw4otu5P\">pic.twitter.com\/t9Kw4otu5P<\/a><\/p>\n<p>&mdash; TV\u30a2\u30cb\u30e1\u300cW&#39;z\u300a\u30a6\u30a3\u30ba\u300b\u300d\u516c\u5f0f (@wz_anime) <a href=\"https:\/\/twitter.com\/wz_anime\/status\/1057913413643329536?ref_src=twsrc%5Etfw\">1 de noviembre de 2018<\/a><\/p><\/blockquote>\n<\/div>\n<\/aside><\/div>\n<\/p><\/div>\n<\/p><\/div>\n<ul class=\"text-gray mt30\">\n<li>G\u00e9neros: Fantas\u00eda, Acci\u00f3n<\/li>\n<li>Emisi\u00f3n: 5 de enero, 2019 <\/li>\n<\/ul>\n<div class=\"wrap-paragraph mt30\">\n<p>\n\t\t\t<strong>Yukiya Araki<\/strong>. Aproximadamente 14 a\u00f1os.<\/p>\n<p>\t\t\tGeneralmente hago de DJ en solitario. Gracias a la influencia de mis padres, escucho desde ni\u00f1o la mejor m\u00fasica electr\u00f3nica. De vez en cuando, tambi\u00e9n subo videos de m\u00ed como DJ. <\/p>\n<p>\t\t\tHay algo que quiero decir. Quiero ser reconocido... pero tengo miedo a salir lastimado. <\/p>\n<p>\t\t\tUn d\u00eda, hice algo que no puedo deshacer, y todo por conseguir m\u00e1s visitas. Me conect\u00e9 a \"ese mundo\", y ahora hay algo que viene a por m\u00ed, arrastr\u00e1ndome a un remolino de sue\u00f1os y sentimientos de la gente. En mi situaci\u00f3n, no puedo hacer nada por m\u00ed mismo... pero si tuviera alguien conmigo...\n    <\/p>\n<\/p><\/div>\n<h2 class=\"mt40\">W'z - Video promocional<\/h2>\n<div class=\"wrap-movie text-center\">\n   <iframe width=\"560\" height=\"315\" src=\"https:\/\/www.youtube.com\/embed\/TMPbrFRrFi0\" frameborder=\"0\" allow=\"accelerometer; autoplay; encrypted-media; gyroscope; picture-in-picture\" allowfullscreen><\/iframe>\n  <\/div>\n<\/div>\n<p><!-- \/.wrap-unit --><\/p>\n<div class=\"wrap-unit\" id=\"scroll-recommendations-unit5\">\n<h1>\n    <i class=\"fa fa-fw fa-film\"><\/i> 10. Boogiepop Phantom (2019)<br \/>\n  <\/h1>\n<div align=\"center\">\n<div class=\"inline-block\">\n<div class=\"img-shadow\">\n<aside class=\"exclude-from-excerpt\">\n<div class=\"twitter-tweet\">\n<blockquote class=\"twitter-tweet\" data-lang=\"es\">\n<p lang=\"ja\" dir=\"ltr\">2019\u5e741\u6708\u653e\u9001\u958b\u59cbTV\u30a2\u30cb\u30e1<br \/>\u300c\u30d6\u30ae\u30fc\u30dd\u30c3\u30d7\u306f\u7b11\u308f\u306a\u3044\u300dOP\u30c6\u30fc\u30de<br \/>MYTH &amp; ROID 8th Single \u300cshadowgraph\u300d2019\u5e742\u670827\u65e5\u30ea\u30ea\u30fc\u30b9\u6c7a\u5b9a\u3002 <a href=\"https:\/\/twitter.com\/hashtag\/MYTHandROID?src=hash&amp;ref_src=twsrc%5Etfw\">#MYTHandROID<\/a> <a href=\"https:\/\/twitter.com\/hashtag\/boogiepop?src=hash&amp;ref_src=twsrc%5Etfw\">#boogiepop<\/a><\/p>\n<p>TV\u30a2\u30cb\u30e1\u300c\u30d6\u30ae\u30fc\u30dd\u30c3\u30d7\u306f\u7b11\u308f\u306a\u3044\u300d\u7b2c2\u5f3ePV\u304b\u3089short ver. \u3092\u8996\u8074\u3067\u304d\u307e\u3059\u3002<a href=\"https:\/\/t.co\/FdWkrwGb8g\">https:\/\/t.co\/FdWkrwGb8g<\/a> <a href=\"https:\/\/t.co\/ZAFEKKVDOr\">pic.twitter.com\/ZAFEKKVDOr<\/a><\/p>\n<p>&mdash; KIHOW \u25c9 MYTH &amp; ROID (@kihow_) <a href=\"https:\/\/twitter.com\/kihow_\/status\/1068429802166579200?ref_src=twsrc%5Etfw\">30 de noviembre de 2018<\/a><\/p><\/blockquote>\n<\/div>\n<\/aside><\/div>\n<\/p><\/div>\n<\/p><\/div>\n<ul class=\"text-gray mt30\">\n<li>G\u00e9neros: Sobrenatural, Terror, Psicol\u00f3gico<\/li>\n<li>Emisi\u00f3n: 4 de enero, 2019 <\/li>\n<\/ul>\n<div class=\"wrap-paragraph mt30\">\n<p>\n\u00bfTienes alg\u00fan sue\u00f1o?<\/p>\n<p>Desafortunadamente, yo no tengo nada de eso...\n    <\/p>\n<\/p><\/div>\n<h2 class=\"mt40\">Boogiepop Phantom (2019) - Video promocional<\/h2>\n<div class=\"wrap-movie text-center\">\n   <iframe width=\"560\" height=\"315\" src=\"https:\/\/www.youtube.com\/embed\/yKwalYCVJZg\" frameborder=\"0\" allow=\"accelerometer; autoplay; encrypted-media; gyroscope; picture-in-picture\" allowfullscreen><\/iframe>\n  <\/div>\n<\/div>\n<p><!-- \/.wrap-unit --><\/p>\n<div class=\"wrap-unit\" id=\"scroll-recommendations-unit5\">\n<h1>\n    <i class=\"fa fa-fw fa-film\"><\/i> 11. Fairy Tail Final Season<br \/>\n  <\/h1>\n<div align=\"center\">\n<div class=\"inline-block\">\n<div class=\"img-shadow\">\n<aside class=\"exclude-from-excerpt\">\n<img loading=\"lazy\" src=\"https:\/\/honeysanime.com\/wp-content\/uploads\/2017\/07\/FAIRY-TAIL-63-334x500.jpg\"alt = \"Fukigen-na-Mononokean.The-Morose-Mononokean-333x500 Animes Sobrenaturales y de Fantas\u00eda del invierno 2019\" width=\"334\" height=\"500\" class=\"aligncenter size-height-500 wp-image-217712\" srcset=\"https:\/\/honeysanime.com\/wp-content\/uploads\/2017\/07\/FAIRY-TAIL-63.jpg 334w, https:\/\/honeysanime.com\/wp-content\/uploads\/2017\/07\/FAIRY-TAIL-63-150x225.jpg 150w, https:\/\/honeysanime.com\/wp-content\/uploads\/2017\/07\/FAIRY-TAIL-63-300x449.jpg 300w\" sizes=\"(max-width: 334px) 100vw, 334px\" \/><\/p>\n<aside class=\"exclude-from-excerpt source-link\">\n<div class=\"wrap-source-link  \"><a href=\"http:\/\/www.cdjapan.co.jp\/aff\/click.cgi\/PytJTGW7Lok\/6076\/A340375\/product%2FNEOBK-2148132\" target=\"_blank\" rel=\"noopener\">CDJapan<i class=\"fa fa-external-link ml5\"><\/i><\/a><\/div>\n<\/aside>\n<\/aside><\/div>\n<\/p><\/div>\n<\/p><\/div>\n<ul class=\"text-gray mt30\">\n<li>G\u00e9neros: Fantas\u00eda, Acci\u00f3n, Aventura, Magia<\/li>\n<li>Emisi\u00f3n: 7 de octubre, 2018 <\/li>\n<\/ul>\n<div class=\"wrap-paragraph mt30\">\n<p>\n\t\t\tEl tiempo ha pasado para <strong>Natsu<\/strong>, pero eso no significa que deje de entrenar sus habilidades junto a su amigo <strong>Happy<\/strong>. Sin embargo, y como l\u00edder del gremio, <strong>Makarov<\/strong> decide desmantelar <em>Fairy Tail<\/em>, desapareciendo sin mayores explicaciones. <\/p>\n<p>\t\t\tUn a\u00f1o despu\u00e9s, Natsu y <strong>Lucy<\/strong> vuelven a cruzar sus caminos y la chispa de <em>Fairy Tail<\/em> revive, iniciando con ellos una incansable b\u00fasqueda de los antiguos miembros, buscando reavivar al famoso grupo de magos una vez m\u00e1s.\n    <\/p>\n<\/p><\/div>\n<h2 class=\"mt40\">Fairy Tail Final Season - Video promocional<\/h2>\n<div class=\"wrap-movie text-center\">\n    <iframe width=\"560\" height=\"315\" src=\"https:\/\/www.youtube.com\/embed\/RAcl2s-T6ik\" frameborder=\"0\" allow=\"autoplay; encrypted-media\" allowfullscreen><\/iframe>\n\t<\/div>\n<\/div>\n<p><!-- \/.wrap-unit --><\/p>\n<hr class=\"hr-dashed mt40 mb40\">\n<div class=\"wrap-ad ad-bottom \">\n<div class=\"mt20 mb20 pr0-xs pl0-xs flexbox justify-content-center\">\n<div class=\"unit-ad\">\n<div class=\"ad-tag\" data-ad-name=\"Sortable_HoneysAnime_Desktop_Bottom_728x90\" data-ad-size=\"728x90\" ><\/div>\n<p><script src=\"\/\/tags-cdn.deployads.com\/a\/blog.honeyfeed.fm.js\" async ><\/script><br \/>\n<script>(deployads = window.deployads || []).push();<\/script><\/div>\n<div class=\"unit-ad mt40-xs\"><!-- temp --> <\/div>\n<\/div>\n<\/div>\n","protected":false},"excerpt":{"rendered":"<p>Aqu\u00ed te presentamos la informaci\u00f3n completa y el preview de cada uno de los animes Sobrenaturales y de Fantas\u00eda del invierno 2019, para que ya tengas en mente cu\u00e1les son las series que se estrenar\u00e1n en la pr\u00f3xima temporada. \u00a1No te olvides de dejarnos en la caja de comentarios cu\u00e1les de estos animes son los [&hellip;]<\/p>\n","protected":false},"author":829,"featured_media":227540,"comment_status":"open","ping_status":"closed","sticky":false,"template":"","format":"standard","meta":{"spay_email":""},"categories":[136],"tags":[],"themes":[755,791,2743,737],"display":[960],"seasonal":[],"jetpack_featured_media_url":"https:\/\/honeysanime.com\/wp-content\/uploads\/2018\/06\/Fukigen-na-Mononokean.The-Morose-Mononokean.jpg","jetpack_shortlink":"https:\/\/wp.me\/p5dDBg-12J6","_links":{"self":[{"href":"https:\/\/honeysanime.com\/es\/wp-json\/wp\/v2\/posts\/248812"}],"collection":[{"href":"https:\/\/honeysanime.com\/es\/wp-json\/wp\/v2\/posts"}],"about":[{"href":"https:\/\/honeysanime.com\/es\/wp-json\/wp\/v2\/types\/post"}],"author":[{"embeddable":true,"href":"https:\/\/honeysanime.com\/es\/wp-json\/wp\/v2\/users\/829"}],"replies":[{"embeddable":true,"href":"https:\/\/honeysanime.com\/es\/wp-json\/wp\/v2\/comments?post=248812"}],"version-history":[{"count":13,"href":"https:\/\/honeysanime.com\/es\/wp-json\/wp\/v2\/posts\/248812\/revisions"}],"predecessor-version":[{"id":248827,"href":"https:\/\/honeysanime.com\/es\/wp-json\/wp\/v2\/posts\/248812\/revisions\/248827"}],"wp:featuredmedia":[{"embeddable":true,"href":"https:\/\/honeysanime.com\/es\/wp-json\/wp\/v2\/media\/227540"}],"wp:attachment":[{"href":"https:\/\/honeysanime.com\/es\/wp-json\/wp\/v2\/media?parent=248812"}],"wp:term":[{"taxonomy":"category","embeddable":true,"href":"https:\/\/honeysanime.com\/es\/wp-json\/wp\/v2\/categories?post=248812"},{"taxonomy":"post_tag","embeddable":true,"href":"https:\/\/honeysanime.com\/es\/wp-json\/wp\/v2\/tags?post=248812"},{"taxonomy":"themes","embeddable":true,"href":"https:\/\/honeysanime.com\/es\/wp-json\/wp\/v2\/themes?post=248812"},{"taxonomy":"display","embeddable":true,"href":"https:\/\/honeysanime.com\/es\/wp-json\/wp\/v2\/display?post=248812"},{"taxonomy":"seasonal","embeddable":true,"href":"https:\/\/honeysanime.com\/es\/wp-json\/wp\/v2\/seasonal?post=248812"}],"curies":[{"name":"wp","href":"https:\/\/api.w.org\/{rel}","templated":true}]}}