{"id":266422,"date":"2019-06-16T20:00:07","date_gmt":"2019-06-17T01:00:07","guid":{"rendered":"https:\/\/honeysanime.com\/?p=266422\/"},"modified":"2019-06-20T22:40:30","modified_gmt":"2019-06-21T03:40:30","slug":"somali-to-mori-no-kamisama-en-espanol","status":"publish","type":"post","link":"https:\/\/honeysanime.com\/es\/somali-to-mori-no-kamisama-en-espanol\/","title":{"rendered":"El anime Somali to Mori no Kamisama (Somali and the Forest Spirit) llegar\u00e1 en el invierno 2020"},"content":{"rendered":"<p><!-- options --><\/p>\n<div align=\"center\">\n<div class=\"inline-block\">\n<div class=\"img-shadow\">\n\t\t\t<img loading=\"lazy\" src=\"https:\/\/honeysanime.com\/wp-content\/uploads\/2019\/03\/Somali-to-Mori-no-Kamisama-1.jpg\"alt = \"Somali-to-Mori-no-Kamisama-1 El anime Somali to Mori no Kamisama (Somali and the Forest Spirit) llegar\u00e1 en el invierno 2020\" width=\"350\" height=\"500\" class=\"aligncenter size-full wp-image-257766\" srcset=\"https:\/\/honeysanime.com\/wp-content\/uploads\/2019\/03\/Somali-to-Mori-no-Kamisama-1.jpg 350w, https:\/\/honeysanime.com\/wp-content\/uploads\/2019\/03\/Somali-to-Mori-no-Kamisama-1-150x214.jpg 150w, https:\/\/honeysanime.com\/wp-content\/uploads\/2019\/03\/Somali-to-Mori-no-Kamisama-1-300x429.jpg 300w\" sizes=\"(max-width: 350px) 100vw, 350px\" \/>\n\t\t<\/div>\n<aside class=\"exclude-from-excerpt source-link\">\n<div class=\"wrap-source-link  \"><a href=\"http:\/\/www.cdjapan.co.jp\/aff\/click.cgi\/PytJTGW7Lok\/6076\/A340375\/product%2FNEOBK-1868495\" target=\"_blank\" rel=\"noopener\">CDJapan<i class=\"fa fa-external-link ml5\"><\/i><\/a><\/div>\n<\/aside><\/div>\n<\/div>\n<p><!-- \/options --><\/p>\n<h2 class=\"border-text mt40\"><span><i class=\"fa fa-fw fa-bell\"><\/i>Lo que necesitas saber:  <\/span><\/h2>\n<ul class=\"ul-news\">\n<li><em>Somali to Mori no Kamisama<\/em>, el manga creado por Yako Gureishi, tendr\u00e1 oficialmente una versi\u00f3n anime.<\/li>\n<li>\n\tLos actores de voz principales ya han sido confirmados, y ser\u00e1n Inori Minase (<strong>Somali<\/strong>) y Daisuke Ono (<strong>Golem<\/strong>), dos figuras de la industria que seguro son motivo suficiente para prestar atenci\u00f3n a este anime. La animaci\u00f3n ser\u00e1 de Statelight, con Kenji Suda como director. El dise\u00f1o de personajes pertenece a Ikoku Itou. <\/li>\n<li>\nEn esta historia fant\u00e1stica, que conoceremos a trav\u00e9s de los ojos de Somali, el mundo est\u00e1 dominado por unos seres extra\u00f1os y la humanidad parece estar por extinguirse. Sin embargo, un d\u00eda Somali se encuentra con un golem al que toma como figura paterna. Juntos, ser\u00e1 momento de enfrentar esta desoladora realidad...\n<\/li>\n<\/ul>\n<p class=\"text-right\"><i class=\"fa fa-fw fa-search-plus\"><\/i>Fuente: <a href=\"http:\/\/somali-anime.com\/\" target=\"_blank\">Web oficial<\/a><\/p>\n<p><!-- options --><\/p>\n<aside class=\"exclude-from-excerpt\">\n<div class=\"twitter-tweet\">\n<blockquote class=\"twitter-tweet\" data-lang=\"es\">\n<p lang=\"ja\" dir=\"ltr\">\u3010PASH!\uff0b\u3011\u300e\u30bd\u30de\u30ea\u3068\u68ee\u306e\u795e\u69d8\u300f\u4eca\u79cbTV\u30a2\u30cb\u30e1\u5316\uff01 \u6c34\u702c\u3044\u306e\u308a\u304c\u30bd\u30de\u30ea\u5f79\u3001\u5c0f\u91ce\u5927\u8f14\u304c\u30b4\u30fc\u30ec\u30e0\u5f79\u306b<br \/>\u30ad\u30e3\u30b9\u30c82\u4eba\u304b\u3089\u306e\u30b3\u30e1\u30f3\u30c8\u3082\u5230\u7740<a href=\"https:\/\/t.co\/MIN6pSYEaL\">https:\/\/t.co\/MIN6pSYEaL<\/a><a href=\"https:\/\/twitter.com\/hashtag\/%E3%82%BD%E3%83%9E%E3%83%AA%E3%81%A8%E6%A3%AE%E3%81%AE%E7%A5%9E%E6%A7%98?src=hash&amp;ref_src=twsrc%5Etfw\">#\u30bd\u30de\u30ea\u3068\u68ee\u306e\u795e\u69d8<\/a> <a href=\"https:\/\/twitter.com\/hashtag\/%E6%B0%B4%E7%80%AC%E3%81%84%E3%81%AE%E3%82%8A?src=hash&amp;ref_src=twsrc%5Etfw\">#\u6c34\u702c\u3044\u306e\u308a<\/a> <a href=\"https:\/\/twitter.com\/hashtag\/%E5%B0%8F%E9%87%8E%E5%A4%A7%E8%BC%94?src=hash&amp;ref_src=twsrc%5Etfw\">#\u5c0f\u91ce\u5927\u8f14<\/a> <a href=\"https:\/\/t.co\/tMmGqFSTxU\">pic.twitter.com\/tMmGqFSTxU<\/a><\/p>\n<p>&mdash; PASH!\u7de8\u96c6\u90e8 (@magazine_pash) <a href=\"https:\/\/twitter.com\/magazine_pash\/status\/1109252582529224704?ref_src=twsrc%5Etfw\">23 de marzo de 2019<\/a><\/p><\/blockquote>\n<\/div>\n<\/aside>\n<p><!-- \/options --><\/p>\n<hr class=\"hr-dashed mt40 mb40\">\n<div class=\"wrap-balloon-speech\">\n<div class=\"balloon-speech mb10 \">\n<div class=\"left-image\"><img src=\"https:\/\/honeysanime.com\/wp-content\/uploads\/img-common\/icon-ha-characters\/honey-love.jpg\"alt = \"Somali-to-Mori-no-Kamisama-1 El anime Somali to Mori no Kamisama (Somali and the Forest Spirit) llegar\u00e1 en el invierno 2020\" width=\"140\" height=\"140\" class=\"alignnone size-full\" \/><\/div>\n<div class=\"arrow-left\">Awww, me encanta<\/div>\n<\/div>\n<div class=\"balloon-speech mb10 \">\n<div class=\"right-image\"><img src=\"https:\/\/honeysanime.com\/wp-content\/uploads\/img-common\/icon-ha-characters\/mo-surprised1.jpg\"alt = \"Somali-to-Mori-no-Kamisama-1 El anime Somali to Mori no Kamisama (Somali and the Forest Spirit) llegar\u00e1 en el invierno 2020\" width=\"140\" height=\"140\" class=\"alignnone size-full\" \/><\/div>\n<div class=\"arrow-right\">Ese golem mete miedo... espero que sea bueno<\/div>\n<\/div>\n<\/div>\n<div class=\"wrap-ad ad-bottom mt40\">\n<div class=\"mt20 mb20 pr0-xs pl0-xs flexbox justify-content-center\">\n<div class=\"unit-ad\">\n<div class=\"ad-tag\" data-ad-name=\"Sortable_HoneysAnime_Desktop_Bottom_728x90\" data-ad-size=\"728x90\" ><\/div>\n<p><script src=\"\/\/tags-cdn.deployads.com\/a\/blog.honeyfeed.fm.js\" async ><\/script><br \/>\n<script>(deployads = window.deployads || []).push();<\/script><\/div>\n<div class=\"unit-ad mt40-xs\"><!-- temp --> <\/div>\n<\/div>\n<\/div>\n<hr class=\"hr-dashed mt40 mb40\">\n","protected":false},"excerpt":{"rendered":"<p>Somali to Mori no Kamisama, el manga creado por Yako Gureishi, tendr\u00e1 oficialmente una versi\u00f3n anime. Los actores de voz principales ya han sido confirmados, y ser\u00e1n Inori Minase (Somali) y Daisuke Ono (Golem), dos figuras de la industria que seguro son motivo suficiente para prestar atenci\u00f3n a este anime. La animaci\u00f3n ser\u00e1 de Statelight, [&hellip;]<\/p>\n","protected":false},"author":829,"featured_media":257766,"comment_status":"open","ping_status":"closed","sticky":false,"template":"","format":"standard","meta":{"spay_email":""},"categories":[136],"tags":[],"themes":[925,1134],"display":[],"seasonal":[],"jetpack_featured_media_url":"https:\/\/honeysanime.com\/wp-content\/uploads\/2019\/03\/Somali-to-Mori-no-Kamisama-1.jpg","jetpack_shortlink":"https:\/\/wp.me\/p5dDBg-17j8","_links":{"self":[{"href":"https:\/\/honeysanime.com\/es\/wp-json\/wp\/v2\/posts\/266422"}],"collection":[{"href":"https:\/\/honeysanime.com\/es\/wp-json\/wp\/v2\/posts"}],"about":[{"href":"https:\/\/honeysanime.com\/es\/wp-json\/wp\/v2\/types\/post"}],"author":[{"embeddable":true,"href":"https:\/\/honeysanime.com\/es\/wp-json\/wp\/v2\/users\/829"}],"replies":[{"embeddable":true,"href":"https:\/\/honeysanime.com\/es\/wp-json\/wp\/v2\/comments?post=266422"}],"version-history":[{"count":2,"href":"https:\/\/honeysanime.com\/es\/wp-json\/wp\/v2\/posts\/266422\/revisions"}],"predecessor-version":[{"id":266444,"href":"https:\/\/honeysanime.com\/es\/wp-json\/wp\/v2\/posts\/266422\/revisions\/266444"}],"wp:featuredmedia":[{"embeddable":true,"href":"https:\/\/honeysanime.com\/es\/wp-json\/wp\/v2\/media\/257766"}],"wp:attachment":[{"href":"https:\/\/honeysanime.com\/es\/wp-json\/wp\/v2\/media?parent=266422"}],"wp:term":[{"taxonomy":"category","embeddable":true,"href":"https:\/\/honeysanime.com\/es\/wp-json\/wp\/v2\/categories?post=266422"},{"taxonomy":"post_tag","embeddable":true,"href":"https:\/\/honeysanime.com\/es\/wp-json\/wp\/v2\/tags?post=266422"},{"taxonomy":"themes","embeddable":true,"href":"https:\/\/honeysanime.com\/es\/wp-json\/wp\/v2\/themes?post=266422"},{"taxonomy":"display","embeddable":true,"href":"https:\/\/honeysanime.com\/es\/wp-json\/wp\/v2\/display?post=266422"},{"taxonomy":"seasonal","embeddable":true,"href":"https:\/\/honeysanime.com\/es\/wp-json\/wp\/v2\/seasonal?post=266422"}],"curies":[{"name":"wp","href":"https:\/\/api.w.org\/{rel}","templated":true}]}}