{"id":273186,"date":"2019-08-03T14:00:57","date_gmt":"2019-08-03T19:00:57","guid":{"rendered":"https:\/\/honeysanime.com\/?p=273186\/"},"modified":"2019-08-20T07:05:56","modified_gmt":"2019-08-20T12:05:56","slug":"my-hero-academia-heroes-rising-presenta-un-nuevo-trailer","status":"publish","type":"post","link":"https:\/\/honeysanime.com\/es\/my-hero-academia-heroes-rising-presenta-un-nuevo-trailer\/","title":{"rendered":"My Hero Academia: Heroes Rising presenta un nuevo tr\u00e1iler"},"content":{"rendered":"<p><!-- options --><\/p>\n<div align=\"center\">\n<div class=\"inline-block\">\n<div class=\"img-shadow\">\n<img loading=\"lazy\" src=\"https:\/\/honeysanime.com\/wp-content\/uploads\/2017\/04\/Boku-no-Hero-Academia-wallpaper-2.jpg\"alt = \"Boku-no-Hero-Academia-wallpaper-2 My Hero Academia: Heroes Rising presenta un nuevo tr\u00e1iler\" width=\"500\" height=\"499\" class=\"aligncenter size-full wp-image-140587\" srcset=\"https:\/\/honeysanime.com\/wp-content\/uploads\/2017\/04\/Boku-no-Hero-Academia-wallpaper-2.jpg 500w, https:\/\/honeysanime.com\/wp-content\/uploads\/2017\/04\/Boku-no-Hero-Academia-wallpaper-2-150x150.jpg 150w, https:\/\/honeysanime.com\/wp-content\/uploads\/2017\/04\/Boku-no-Hero-Academia-wallpaper-2-300x299.jpg 300w\" sizes=\"(max-width: 500px) 100vw, 500px\" \/>\t\t<\/div>\n<aside class=\"exclude-from-excerpt source-link\">\n<div class=\"wrap-source-link  \"><a href=\"http:\/\/www.cdjapan.co.jp\/aff\/click.cgi\/PytJTGW7Lok\/6076\/A340375\/product%2FESCL-4639\" target=\"_blank\" rel=\"noopener\">CDJapan<i class=\"fa fa-external-link ml5\"><\/i><\/a><\/div>\n<\/aside><\/div>\n<\/div>\n<p><!-- \/options --><\/p>\n<h2 class=\"border-text mt40\"><span><i class=\"fa fa-fw fa-bell\"><\/i>Lo que necesitas saber:  <\/span><\/h2>\n<ul class=\"ul-news\">\n<li>\u00a1Ya tenemos m\u00e1s im\u00e1genes de la esperada pel\u00edcula de <em>My Hero Academia<\/em>! Con animaci\u00f3n del estudio Bones, este tr\u00e1iler resulta verdaderamente imperdible.<\/li>\n<li>\n\tEl director del film ser\u00e1 Kenji Nagasaki, con Yousuke Kuroda como guionista. Tambi\u00e9n regresan los dise\u00f1os de personaje de Yoshihiko Umakoshi y la composici\u00f3n musical de Yuuki Hayashi. <\/li>\n<li>\n<em>My Hero Academia: Heroes Rising<\/em> se estrena el 20 de diciembre en Jap\u00f3n, y el autor Kouhei Horikoshi (que supervisa el proyecto y dise\u00f1a los  personajes originales) ya anunci\u00f3 que podr\u00eda tratarse de lo \u00faltimo que veamos de la serie, dando un cierre a esta historia.\n<\/li>\n<\/ul>\n<p class=\"text-right\"><i class=\"fa fa-fw fa-search-plus\"><\/i>Fuente: <a href=\"https:\/\/heroaca-movie.com\/\" target=\"_blank\">Web oficial<\/a><\/p>\n<p><!-- options --><\/p>\n<aside class=\"exclude-from-excerpt\">\n<div class=\"twitter-tweet\">\n<blockquote class=\"twitter-tweet\" data-lang=\"es\">\n<p lang=\"ja\" dir=\"ltr\">\u6551\u3051\u3066\u52dd\u3064\u3001\u52dd\u3063\u3066\u6551\u3051\u308b\uff01\u5287\u5834\u7248\u300c\u30d2\u30ed\u30a2\u30ab\u300d\u65b0\u4f5c\u7279\u5831\u3001\u30f4\u30a3\u30e9\u30f3\u201c\u30ca\u30a4\u30f3\u201d\u3082\u767b\u5834<a href=\"https:\/\/t.co\/IWf1UKb4V6\">https:\/\/t.co\/IWf1UKb4V6<\/a><\/p>\n<p> <a href=\"https:\/\/twitter.com\/hashtag\/%E5%83%95%E3%81%AE%E3%83%92%E3%83%BC%E3%83%AD%E3%83%BC%E3%82%A2%E3%82%AB%E3%83%87%E3%83%9F%E3%82%A2?src=hash&amp;ref_src=twsrc%5Etfw\">#\u50d5\u306e\u30d2\u30fc\u30ed\u30fc\u30a2\u30ab\u30c7\u30df\u30a2<\/a> <a href=\"https:\/\/twitter.com\/hashtag\/%E3%83%92%E3%83%AD%E3%82%A2%E3%82%AB?src=hash&amp;ref_src=twsrc%5Etfw\">#\u30d2\u30ed\u30a2\u30ab<\/a> <a href=\"https:\/\/twitter.com\/hashtag\/%E5%A0%80%E8%B6%8A%E8%80%95%E5%B9%B3?src=hash&amp;ref_src=twsrc%5Etfw\">#\u5800\u8d8a\u8015\u5e73<\/a> <a href=\"https:\/\/t.co\/GOYIAkbwtt\">pic.twitter.com\/GOYIAkbwtt<\/a><\/p>\n<p>&mdash; \u6620\u753b\u30ca\u30bf\u30ea\u30fc (@eiga_natalie) <a href=\"https:\/\/twitter.com\/eiga_natalie\/status\/1156746697394909184?ref_src=twsrc%5Etfw\">1 de agosto de 2019<\/a><\/p><\/blockquote>\n<\/div>\n<\/aside>\n<p><!-- \/options --><\/p>\n<p><iframe width=\"560\" height=\"315\" src=\"https:\/\/www.youtube.com\/embed\/_ZXjab8o98w\" frameborder=\"0\" allow=\"accelerometer; autoplay; encrypted-media; gyroscope; picture-in-picture\" allowfullscreen><\/iframe><\/p>\n<hr class=\"hr-dashed mt40 mb40\">\n<div class=\"wrap-balloon-speech\">\n<div class=\"balloon-speech mb10 \">\n<div class=\"left-image\"><img src=\"https:\/\/honeysanime.com\/wp-content\/uploads\/img-common\/icon-ha-characters\/bee-cry2.jpg\"alt = \"Boku-no-Hero-Academia-wallpaper-2 My Hero Academia: Heroes Rising presenta un nuevo tr\u00e1iler\" width=\"140\" height=\"140\" class=\"alignnone size-full\" \/><\/div>\n<div class=\"arrow-left\">Se ve espectacular, pero esto no puede ser lo \u00faltimo de la saga, \u00bfno?<\/div>\n<\/div>\n<div class=\"balloon-speech mb10 \">\n<div class=\"right-image\"><img src=\"https:\/\/honeysanime.com\/wp-content\/uploads\/img-common\/icon-ha-characters\/honey-worried.jpg\"alt = \"Boku-no-Hero-Academia-wallpaper-2 My Hero Academia: Heroes Rising presenta un nuevo tr\u00e1iler\" width=\"140\" height=\"140\" class=\"alignnone size-full\" \/><\/div>\n<div class=\"arrow-right\">\u00a1Crucemos los dedos!<\/div>\n<\/div>\n<\/div>\n<hr class=\"hr-dashed mt40 mb40\">\n<div class=\"wrap-ad ad-bottom mt40\">\n<div class=\"mt20 mb20 pr0-xs pl0-xs flexbox justify-content-center\">\n<div class=\"unit-ad\">\n<div class=\"ad-tag\" data-ad-name=\"Sortable_HoneysAnime_Desktop_Bottom_728x90\" data-ad-size=\"728x90\" ><\/div>\n<p><script src=\"\/\/tags-cdn.deployads.com\/a\/blog.honeyfeed.fm.js\" async ><\/script><br \/>\n<script>(deployads = window.deployads || []).push();<\/script><\/div>\n<div class=\"unit-ad mt40-xs\"><!-- temp --> <\/div>\n<\/div>\n<\/div>\n","protected":false},"excerpt":{"rendered":"<p>\u00a1Ya tenemos m\u00e1s im\u00e1genes de la esperada pel\u00edcula de My Hero Academia! Con animaci\u00f3n del estudio Bones, este tr\u00e1iler resulta verdaderamente imperdible. El director del film ser\u00e1 Kenji Nagasaki, con Yousuke Kuroda como guionista. Tambi\u00e9n regresan los dise\u00f1os de personaje de Yoshihiko Umakoshi y la composici\u00f3n musical de Yuuki Hayashi. My Hero Academia: Heroes Rising [&hellip;]<\/p>\n","protected":false},"author":829,"featured_media":140587,"comment_status":"open","ping_status":"closed","sticky":false,"template":"","format":"standard","meta":{"spay_email":""},"categories":[136],"tags":[],"themes":[925,1134],"display":[],"seasonal":[],"jetpack_featured_media_url":"https:\/\/honeysanime.com\/wp-content\/uploads\/2017\/04\/Boku-no-Hero-Academia-wallpaper-2.jpg","jetpack_shortlink":"https:\/\/wp.me\/p5dDBg-194e","_links":{"self":[{"href":"https:\/\/honeysanime.com\/es\/wp-json\/wp\/v2\/posts\/273186"}],"collection":[{"href":"https:\/\/honeysanime.com\/es\/wp-json\/wp\/v2\/posts"}],"about":[{"href":"https:\/\/honeysanime.com\/es\/wp-json\/wp\/v2\/types\/post"}],"author":[{"embeddable":true,"href":"https:\/\/honeysanime.com\/es\/wp-json\/wp\/v2\/users\/829"}],"replies":[{"embeddable":true,"href":"https:\/\/honeysanime.com\/es\/wp-json\/wp\/v2\/comments?post=273186"}],"version-history":[{"count":2,"href":"https:\/\/honeysanime.com\/es\/wp-json\/wp\/v2\/posts\/273186\/revisions"}],"predecessor-version":[{"id":273188,"href":"https:\/\/honeysanime.com\/es\/wp-json\/wp\/v2\/posts\/273186\/revisions\/273188"}],"wp:featuredmedia":[{"embeddable":true,"href":"https:\/\/honeysanime.com\/es\/wp-json\/wp\/v2\/media\/140587"}],"wp:attachment":[{"href":"https:\/\/honeysanime.com\/es\/wp-json\/wp\/v2\/media?parent=273186"}],"wp:term":[{"taxonomy":"category","embeddable":true,"href":"https:\/\/honeysanime.com\/es\/wp-json\/wp\/v2\/categories?post=273186"},{"taxonomy":"post_tag","embeddable":true,"href":"https:\/\/honeysanime.com\/es\/wp-json\/wp\/v2\/tags?post=273186"},{"taxonomy":"themes","embeddable":true,"href":"https:\/\/honeysanime.com\/es\/wp-json\/wp\/v2\/themes?post=273186"},{"taxonomy":"display","embeddable":true,"href":"https:\/\/honeysanime.com\/es\/wp-json\/wp\/v2\/display?post=273186"},{"taxonomy":"seasonal","embeddable":true,"href":"https:\/\/honeysanime.com\/es\/wp-json\/wp\/v2\/seasonal?post=273186"}],"curies":[{"name":"wp","href":"https:\/\/api.w.org\/{rel}","templated":true}]}}