{"id":273202,"date":"2019-08-05T20:00:13","date_gmt":"2019-08-06T01:00:13","guid":{"rendered":"https:\/\/honeysanime.com\/?p=273202\/"},"modified":"2019-08-20T14:19:15","modified_gmt":"2019-08-20T19:19:15","slug":"aggressive-retsuko-confirma-su-tercera-temporada","status":"publish","type":"post","link":"https:\/\/honeysanime.com\/es\/aggressive-retsuko-confirma-su-tercera-temporada\/","title":{"rendered":"Aggressive Retsuko confirma su tercera temporada"},"content":{"rendered":"<p><!-- options --><\/p>\n<div align=\"center\">\n<div class=\"inline-block\">\n<div class=\"img-shadow\">\n<img loading=\"lazy\" src=\"https:\/\/honeysanime.com\/wp-content\/uploads\/2019\/07\/Aggressive-Retsuko-2-Wallpaper-500x281.png\"alt = \"Aggressive-Retsuko-2-Wallpaper-500x281 Aggressive Retsuko confirma su tercera temporada\" width=\"500\" height=\"281\" class=\"aligncenter size-large wp-image-267726\" srcset=\"https:\/\/honeysanime.com\/wp-content\/uploads\/2019\/07\/Aggressive-Retsuko-2-Wallpaper-500x281.png 500w, https:\/\/honeysanime.com\/wp-content\/uploads\/2019\/07\/Aggressive-Retsuko-2-Wallpaper-150x84.png 150w, https:\/\/honeysanime.com\/wp-content\/uploads\/2019\/07\/Aggressive-Retsuko-2-Wallpaper-300x169.png 300w, https:\/\/honeysanime.com\/wp-content\/uploads\/2019\/07\/Aggressive-Retsuko-2-Wallpaper-560x315.png 560w, https:\/\/honeysanime.com\/wp-content\/uploads\/2019\/07\/Aggressive-Retsuko-2-Wallpaper.png 640w\" sizes=\"(max-width: 500px) 100vw, 500px\" \/>\t\t<\/div>\n<aside class=\"exclude-from-excerpt source-link\">\n<div class=\"wrap-source-link  \"><a href=\"https:\/\/www.crunchyroll.com\/forumtopic-1019551\/aggretsuko-discussion\" target=\"_blank\" rel=\"noopener\">Crunchyroll<i class=\"fa fa-external-link ml5\"><\/i><\/a><\/div>\n<\/aside><\/div>\n<\/div>\n<p><!-- \/options --><\/p>\n<h2 class=\"border-text mt40\"><span><i class=\"fa fa-fw fa-bell\"><\/i>Lo que necesitas saber:  <\/span><\/h2>\n<ul class=\"ul-news\">\n<li>La segunda temporada de <em>Aggressive Retsuko<\/em> se acaba de estrenar en junio, \u00a1y ya tenemos anuncio de una tercera!<\/li>\n<li>\n\tEl director de <em>Aggretsuko<\/em>, Rareko, reconoci\u00f3 quedar exhausto luego de poner todo su empe\u00f1o en esta segunda parte, pero tambi\u00e9n dej\u00f3 en claro estar muy emocionado por lo que se vendr\u00e1 en el futuro. <\/li>\n<li>\nObviamente, a\u00fan no hay fechas ni datos puntuales. \u00a1Estemos atentos a las novedades!\n<\/li>\n<\/ul>\n<p class=\"text-right\"><i class=\"fa fa-fw fa-search-plus\"><\/i>Fuente: <a href=\"https:\/\/www.sanrio.co.jp\/character\/aggressiveretsuko\/\" target=\"_blank\">Web oficial<\/a><\/p>\n<p><!-- options --><\/p>\n<aside class=\"exclude-from-excerpt\">\n<div class=\"twitter-tweet\">\n<blockquote class=\"twitter-tweet\" data-lang=\"es\">\n<p lang=\"ja\" dir=\"ltr\">\u300c\u30a2\u30b0\u30ec\u30c3\u30b7\u30d6\u70c8\u5b50\u300d\u30b7\u30fc\u30ba\u30f33\u304c\u5236\u4f5c\u6c7a\u5b9a\u3001\u30e9\u30ec\u30b3\u76e3\u7763\u300c\u643e\u308a\u30ab\u30b9\u72b6\u614b\u306a\u306e\u306b\u300d\uff08\u30b3\u30e1\u30f3\u30c8\u3042\u308a\uff09<a href=\"https:\/\/t.co\/ZI4zBjlklw\">https:\/\/t.co\/ZI4zBjlklw<\/a> <a href=\"https:\/\/t.co\/UnJbR1sRLa\">pic.twitter.com\/UnJbR1sRLa<\/a><\/p>\n<p>&mdash; \u30b3\u30df\u30c3\u30af\u30ca\u30bf\u30ea\u30fc (@comic_natalie) <a href=\"https:\/\/twitter.com\/comic_natalie\/status\/1158191416582922240?ref_src=twsrc%5Etfw\">5 de agosto de 2019<\/a><\/p><\/blockquote>\n<\/div>\n<\/aside>\n<p><!-- \/options --><\/p>\n<hr class=\"hr-dashed mt40 mb40\">\n<div class=\"wrap-balloon-speech\">\n<div class=\"balloon-speech mb10 \">\n<div class=\"left-image\"><img src=\"https:\/\/honeysanime.com\/wp-content\/uploads\/img-common\/icon-ha-characters\/honey-worried.jpg\"alt = \"Aggressive-Retsuko-2-Wallpaper-500x281 Aggressive Retsuko confirma su tercera temporada\" width=\"140\" height=\"140\" class=\"alignnone size-full\" \/><\/div>\n<div class=\"arrow-left\">Me gusta que haya una nueva temporada, pero me preocupa por algunos de los personajes...<\/div>\n<\/div>\n<div class=\"balloon-speech mb10 \">\n<div class=\"right-image\"><img src=\"https:\/\/honeysanime.com\/wp-content\/uploads\/img-common\/icon-ha-characters\/bee-happy1.jpg\"alt = \"Aggressive-Retsuko-2-Wallpaper-500x281 Aggressive Retsuko confirma su tercera temporada\" width=\"140\" height=\"140\" class=\"alignnone size-full\" \/><\/div>\n<div class=\"arrow-right\">Retsuko es de mis personajes favoritos, pero no me esperaba m\u00e1s episodios. \u00a1Qu\u00e9 bueno!<\/div>\n<\/div>\n<\/div>\n<hr class=\"hr-dashed mt40 mb40\">\n<div class=\"wrap-ad ad-bottom mt40\">\n<div class=\"mt20 mb20 pr0-xs pl0-xs flexbox justify-content-center\">\n<div class=\"unit-ad\">\n<div class=\"ad-tag\" data-ad-name=\"Sortable_HoneysAnime_Desktop_Bottom_728x90\" data-ad-size=\"728x90\" ><\/div>\n<p><script src=\"\/\/tags-cdn.deployads.com\/a\/blog.honeyfeed.fm.js\" async ><\/script><br \/>\n<script>(deployads = window.deployads || []).push();<\/script><\/div>\n<div class=\"unit-ad mt40-xs\"><!-- temp --> <\/div>\n<\/div>\n<\/div>\n","protected":false},"excerpt":{"rendered":"<p>La segunda temporada de Aggressive Retsuko se acaba de estrenar en junio, \u00a1y ya tenemos anuncio de una tercera! El director de Aggretsuko, Rareko, reconoci\u00f3 quedar exhausto luego de poner todo su empe\u00f1o en esta segunda parte, pero tambi\u00e9n dej\u00f3 en claro estar muy emocionado por lo que se vendr\u00e1 en el futuro. Obviamente, a\u00fan [&hellip;]<\/p>\n","protected":false},"author":829,"featured_media":65200,"comment_status":"open","ping_status":"closed","sticky":false,"template":"","format":"standard","meta":{"spay_email":""},"categories":[136],"tags":[],"themes":[925],"display":[],"seasonal":[],"jetpack_featured_media_url":"https:\/\/honeysanime.com\/wp-content\/uploads\/2016\/03\/retsuko.jpg","jetpack_shortlink":"https:\/\/wp.me\/p5dDBg-194u","_links":{"self":[{"href":"https:\/\/honeysanime.com\/es\/wp-json\/wp\/v2\/posts\/273202"}],"collection":[{"href":"https:\/\/honeysanime.com\/es\/wp-json\/wp\/v2\/posts"}],"about":[{"href":"https:\/\/honeysanime.com\/es\/wp-json\/wp\/v2\/types\/post"}],"author":[{"embeddable":true,"href":"https:\/\/honeysanime.com\/es\/wp-json\/wp\/v2\/users\/829"}],"replies":[{"embeddable":true,"href":"https:\/\/honeysanime.com\/es\/wp-json\/wp\/v2\/comments?post=273202"}],"version-history":[{"count":1,"href":"https:\/\/honeysanime.com\/es\/wp-json\/wp\/v2\/posts\/273202\/revisions"}],"predecessor-version":[{"id":273203,"href":"https:\/\/honeysanime.com\/es\/wp-json\/wp\/v2\/posts\/273202\/revisions\/273203"}],"wp:featuredmedia":[{"embeddable":true,"href":"https:\/\/honeysanime.com\/es\/wp-json\/wp\/v2\/media\/65200"}],"wp:attachment":[{"href":"https:\/\/honeysanime.com\/es\/wp-json\/wp\/v2\/media?parent=273202"}],"wp:term":[{"taxonomy":"category","embeddable":true,"href":"https:\/\/honeysanime.com\/es\/wp-json\/wp\/v2\/categories?post=273202"},{"taxonomy":"post_tag","embeddable":true,"href":"https:\/\/honeysanime.com\/es\/wp-json\/wp\/v2\/tags?post=273202"},{"taxonomy":"themes","embeddable":true,"href":"https:\/\/honeysanime.com\/es\/wp-json\/wp\/v2\/themes?post=273202"},{"taxonomy":"display","embeddable":true,"href":"https:\/\/honeysanime.com\/es\/wp-json\/wp\/v2\/display?post=273202"},{"taxonomy":"seasonal","embeddable":true,"href":"https:\/\/honeysanime.com\/es\/wp-json\/wp\/v2\/seasonal?post=273202"}],"curies":[{"name":"wp","href":"https:\/\/api.w.org\/{rel}","templated":true}]}}