{"id":98905,"date":"2016-09-17T20:00:36","date_gmt":"2016-09-18T01:00:36","guid":{"rendered":"http:\/\/honeysanime.com\/es\/?p=98905"},"modified":"2017-12-25T03:10:59","modified_gmt":"2017-12-25T08:10:59","slug":"dream-festival-otono-2016","status":"publish","type":"post","link":"https:\/\/honeysanime.com\/es\/dream-festival-otono-2016\/","title":{"rendered":"Dream Festival! \u00a1El anime de chicos \u00eddolos, revela nuevo VP, fecha de lanzamiento e im\u00e1genes!"},"content":{"rendered":"<div class=\"row no-gutters\">\n<div class=\"col-sm-5\">\n<div style=\"height:400px;\" class=\"overflow-hidden wrap-center-hv wrap-img-upcoming\"><img loading=\"lazy\" src=\"https:\/\/honeysanime.com\/wp-content\/uploads\/2016\/07\/Dream-Festival-Key-Visual-2-300x427.jpg\"alt = \"Dream-Festival-Key-Visual-2-300x427 Dream Festival! \u00a1El anime de chicos \u00eddolos, revela nuevo VP, fecha de lanzamiento e im\u00e1genes!\" width=\"300\" height=\"427\" class=\"aligncenter size-witdh-300 wp-image-94936\" srcset=\"https:\/\/honeysanime.com\/wp-content\/uploads\/2016\/07\/Dream-Festival-Key-Visual-2-300x427.jpg 300w, https:\/\/honeysanime.com\/wp-content\/uploads\/2016\/07\/Dream-Festival-Key-Visual-2-150x214.jpg 150w, https:\/\/honeysanime.com\/wp-content\/uploads\/2016\/07\/Dream-Festival-Key-Visual-2.jpg 337w\" sizes=\"(max-width: 300px) 100vw, 300px\" \/>\n\t\t\t<\/div>\n<\/p><\/div>\n<div class=\"col-sm-7 wrap-img-blur-upcoming\">\n<div style=\"height:400px;\" class=\"overflow-hidden wrap-center-hv\"><img loading=\"lazy\" src=\"https:\/\/honeysanime.com\/wp-content\/uploads\/2016\/07\/Dream-Festival-Key-Visual-2-300x427.jpg\"alt = \"Dream-Festival-Key-Visual-2-300x427 Dream Festival! \u00a1El anime de chicos \u00eddolos, revela nuevo VP, fecha de lanzamiento e im\u00e1genes!\" width=\"300\" height=\"427\" class=\"aligncenter size-witdh-300 wp-image-94936\" srcset=\"https:\/\/honeysanime.com\/wp-content\/uploads\/2016\/07\/Dream-Festival-Key-Visual-2-300x427.jpg 300w, https:\/\/honeysanime.com\/wp-content\/uploads\/2016\/07\/Dream-Festival-Key-Visual-2-150x214.jpg 150w, https:\/\/honeysanime.com\/wp-content\/uploads\/2016\/07\/Dream-Festival-Key-Visual-2.jpg 337w\" sizes=\"(max-width: 300px) 100vw, 300px\" \/><\/div>\n<div class=\"well overflow-hidden\">\n<h2 class=\"mt0 \">Dream Festival!<br \/>\n\t\t<\/h2>\n<div class=\"row\">\n<div class=\"col-xs-5 pr0\"><strong>G\u00e9nero:<\/strong><\/div>\n<div class=\"col-xs-7\">M\u00fasica, Idol\n\t\t\t\t<\/div>\n<\/p><\/div>\n<hr class=\"hr-dashed mt10 mb10\">\n<div class=\"row\">\n<div class=\"col-xs-5 pr0\"><strong>Emisi\u00f3n:<\/strong><\/div>\n<div class=\"col-xs-7\">7 de octubre del 2016\n\t\t\t\t<\/div>\n<\/p><\/div>\n<hr class=\"hr-dashed mt10 mb10\">\n<div class=\"row\">\n<div class=\"col-xs-5 pr0\"><strong>Estudio(s):<\/strong><\/div>\n<div class=\"col-xs-7\">Bandai Namco Pictures\n\t\t\t\t<\/div>\n<\/p><\/div>\n<\/div><\/div>\n<\/div>\n<h1 class=\"mt60\"><i class=\"fa fa-fw fa-magic\"><\/i>Comentarios de Honey<\/h1>\n<div class=\"upcoming-anime\">\n<div class=\"wrap-balloon-speech mt30\">\n<div class=\"well well-news-quotation\">\n<div class=\"balloon-speech mb10 \">\n<div class=\"left-image\"><img src=\"https:\/\/honeysanime.com\/wp-content\/uploads\/img-common\/icon-ha-characters\/bee-unacceptable.jpg\"alt = \"Dream-Festival-Key-Visual-2-300x427 Dream Festival! \u00a1El anime de chicos \u00eddolos, revela nuevo VP, fecha de lanzamiento e im\u00e1genes!\" width=\"140\" height=\"140\" class=\"alignnone size-full\" \/><\/div>\n<div class=\"arrow-left\">\u00a1El <strong>anime de hombres \u00eddolos<\/strong>, osea <strong>BL<\/strong> se est\u00e1 filtrando del verano al oto\u00f1o! \u00a1Esto es una atrocidad!<\/div>\n<\/div>\n<div class=\"balloon-speech mb10 \">\n<div class=\"right-image\"><img src=\"https:\/\/honeysanime.com\/wp-content\/uploads\/img-common\/icon-ha-characters\/bombon-ecchi1.jpg\"alt = \"Dream-Festival-Key-Visual-2-300x427 Dream Festival! \u00a1El anime de chicos \u00eddolos, revela nuevo VP, fecha de lanzamiento e im\u00e1genes!\" width=\"140\" height=\"140\" class=\"alignnone size-full\" \/><\/div>\n<div class=\"arrow-right\">Mmmmmm \u00a1Esto es algo que har\u00e1 del oto\u00f1o 2016 algo que esperar!<\/div>\n<\/div>\n<div class=\"balloon-speech mb10 \">\n<div class=\"left-image\"><img src=\"https:\/\/honeysanime.com\/wp-content\/uploads\/img-common\/icon-ha-characters\/mo-happy4.jpg\"alt = \"Dream-Festival-Key-Visual-2-300x427 Dream Festival! \u00a1El anime de chicos \u00eddolos, revela nuevo VP, fecha de lanzamiento e im\u00e1genes!\" width=\"140\" height=\"140\" class=\"alignnone size-full\" \/><\/div>\n<div class=\"arrow-left\">\u00a1Ohhhhh si! Otro show que sigue a <strong>B-Project<\/strong>, <strong>Tsukiuta<\/strong>, y se siente como <strong>Starmyu<\/strong>!<\/div>\n<\/div>\n<div class=\"balloon-speech mb10 \">\n<div class=\"right-image\"><img src=\"https:\/\/honeysanime.com\/wp-content\/uploads\/img-common\/icon-ha-characters\/honey-happy4.jpg\"alt = \"Dream-Festival-Key-Visual-2-300x427 Dream Festival! \u00a1El anime de chicos \u00eddolos, revela nuevo VP, fecha de lanzamiento e im\u00e1genes!\" width=\"140\" height=\"140\" class=\"alignnone size-full\" \/><\/div>\n<div class=\"arrow-right\">Todos esos programas me parecen iguales, \u00a1pero al menos son ideales para los fans!<\/div>\n<\/div><\/div>\n<\/p><\/div>\n<\/div>\n<div class=\"mt60\" id=\"scroll-animedb-video\">\n<h1><i class=\"fa fa-fw fa-film\"><\/i>Videos Promocionales<\/h1>\n<div class=\"wrap-movie text-center\">\n\t\t<span class=\"embed-youtube\" style=\"text-align:center; display: block;\"><iframe class='youtube-player' width='560' height='315' src='https:\/\/www.youtube.com\/embed\/Ny-7vfS7Qyw?version=3&#038;rel=1&#038;showsearch=0&#038;showinfo=1&#038;iv_load_policy=1&#038;fs=1&#038;hl=es-ES&#038;autohide=2&#038;wmode=transparent' allowfullscreen='true' style='border:0;' sandbox='allow-scripts allow-same-origin allow-popups allow-presentation'><\/iframe><\/span><span class=\"embed-youtube\" style=\"text-align:center; display: block;\"><iframe class='youtube-player' width='560' height='315' src='https:\/\/www.youtube.com\/embed\/ofdtU4ed4lc?version=3&#038;rel=1&#038;showsearch=0&#038;showinfo=1&#038;iv_load_policy=1&#038;fs=1&#038;hl=es-ES&#038;autohide=2&#038;wmode=transparent' allowfullscreen='true' style='border:0;' sandbox='allow-scripts allow-same-origin allow-popups allow-presentation'><\/iframe><\/span>\n\t<\/div>\n<\/div>\n<h1 class=\"mt60\"><i class=\"fa fa-fw fa-picture-o\"><\/i>Visuales<\/h1>\n<div class=\"well well-news-quotation mt30\">\n<div class=\"row\">\n<div class=\"col-xs-6 col-sm-3 pa0-xs\">\n\t\t\t<a href=\"https:\/\/honeysanime.com\/wp-content\/uploads\/2016\/03\/dream-festival.jpg\"><img loading=\"lazy\" src=\"https:\/\/honeysanime.com\/wp-content\/uploads\/2016\/03\/dream-festival-225x350.jpg\"alt = \"Dream-Festival-Key-Visual-2-300x427 Dream Festival! \u00a1El anime de chicos \u00eddolos, revela nuevo VP, fecha de lanzamiento e im\u00e1genes!\" width=\"225\" height=\"350\" class=\"aligncenter size-characeter-MAL-225 wp-image-65766\" \/><\/a>\t<\/p>\n<p>Visual 1<\/p>\n<\/p><\/div>\n<div class=\"col-xs-6 col-sm-3 pa0-xs\">\n\t\t\t<a href=\"https:\/\/honeysanime.com\/wp-content\/uploads\/2016\/07\/Dream-Festival-Key-Visual-2.jpg\"><img loading=\"lazy\" src=\"https:\/\/honeysanime.com\/wp-content\/uploads\/2016\/07\/Dream-Festival-Key-Visual-2-225x350.jpg\"alt = \"Dream-Festival-Key-Visual-2-300x427 Dream Festival! \u00a1El anime de chicos \u00eddolos, revela nuevo VP, fecha de lanzamiento e im\u00e1genes!\" width=\"225\" height=\"350\" class=\"aligncenter size-characeter-MAL-225 wp-image-94936\" \/><\/a>\t<\/p>\n<p>Visual 2<\/p>\n<\/p><\/div>\n<\/p><\/div>\n<\/div>\n<div class=\"mt60\" id=\"scroll-animedb-synopsis\">\n<h1><i class=\"fa fa-fw fa-book\"><\/i>Sinopsis<\/h1>\n<div class=\"well well-white\">\n\tUn d\u00eda, el estudiante de segundo a\u00f1o de prepa, <strong>Kanade Amamiya<\/strong> es repentinamente descubierto por el \u00eddolo legendario, <strong>Haruto Mikami<\/strong>. Al ver la pasi\u00f3n de los \u00eddolos de la agencia de Mikami ante sus ojos, Kanade se absorbe intr\u00e9pidamente en sus propias actividades de \u00eddolo. Junto con el antiguo ni\u00f1o estrella Shin Oikawa, el super-estoico <strong>Junya Sasaki<\/strong>, el bondadoso pero secretamente apasionado <strong>Itsuki Katagiri<\/strong>, y el genio cabeza hueca <strong>Chizuru Sawamura<\/strong>, tienen el objetivo de entrar en el Dream Festival, \u00a1y ganar la oportunidad de lanzar su primer CD!<\/p>\n<p>\u00bfPodr\u00e1n Kanade y los dem\u00e1s reunir las tarjetas del Dream Festival enviadas por los aficionados para apoyarlos, y presentar el mejor espect\u00e1culo ...?\n\t<\/p><\/div>\n<\/div>\n<div class=\"mt60\" id=\"scroll-animedb-characters\">\n<h1><i class=\"fa fa-fw fa-smile-o\"><\/i>Personajes &amp; Seiyuus<\/h1>\n<div>\n<h2 class=\"mt0\">Kanade Amamiya<br \/>\n\t<\/h2>\n<div class=\"mr20 pull-left\" style=\"width: 160px;\"><img loading=\"lazy\" src=\"https:\/\/honeysanime.com\/wp-content\/uploads\/2016\/05\/dream-festival-kanade-amamiya-e1462418751815-225x350.jpg\"alt = \"Dream-Festival-Key-Visual-2-300x427 Dream Festival! \u00a1El anime de chicos \u00eddolos, revela nuevo VP, fecha de lanzamiento e im\u00e1genes!\" width=\"225\" height=\"350\" class=\"aligncenter size-characeter-MAL-225 wp-image-72843\" \/>\n  <\/div>\n<p class=\"mb5\"><strong>Seiyuu: <\/strong>Souma Ishihara<\/p>\n<hr class=\"hr-dashed\">\n<p>Edad: 17<br \/>\nFecha de nacimiento: 15 de julio<br \/>\nEstatura: 177 cm<br \/>\nAficiones: f\u00fatbol, juegos de tel\u00e9fono<br \/>\nHabilidad especial: Puede recordar las caras de la gente de inmediato<\/p>\n<div class=\"clearfix\"><\/div>\n<\/div>\n<div>\n<h2 class=\"mt0\">Shin Oikawa<br \/>\n\t<\/h2>\n<div class=\"mr20 pull-left\" style=\"width: 160px;\"><img loading=\"lazy\" src=\"https:\/\/honeysanime.com\/wp-content\/uploads\/2016\/05\/dream-festival-shin-oikawa-e1462418779145-225x350.jpg\"alt = \"Dream-Festival-Key-Visual-2-300x427 Dream Festival! \u00a1El anime de chicos \u00eddolos, revela nuevo VP, fecha de lanzamiento e im\u00e1genes!\" width=\"225\" height=\"350\" class=\"aligncenter size-characeter-MAL-225 wp-image-72842\" \/>\n  <\/div>\n<p class=\"mb5\"><strong>Seiyuu: <\/strong>Takuya Mizoguchi<\/p>\n<hr class=\"hr-dashed\">\n<p>Edad: 17<br \/>\nFecha de nacimiento: 28 de abril<br \/>\nEstatura: 178 cm<br \/>\nAficiones: Leer, ver pel\u00edculas y dramas extranjeros<br \/>\nHabilidad especial: La memorizaci\u00f3n<\/p>\n<div class=\"clearfix\"><\/div>\n<\/div>\n<div>\n<h2 class=\"mt0\">Junya Sasaki<br \/>\n\t<\/h2>\n<div class=\"mr20 pull-left\" style=\"width: 160px;\"><img loading=\"lazy\" src=\"https:\/\/honeysanime.com\/wp-content\/uploads\/2016\/05\/dream-festival-junya-sasaki-e1462418806916-225x350.jpg\"alt = \"Dream-Festival-Key-Visual-2-300x427 Dream Festival! \u00a1El anime de chicos \u00eddolos, revela nuevo VP, fecha de lanzamiento e im\u00e1genes!\" width=\"225\" height=\"350\" class=\"aligncenter size-characeter-MAL-225 wp-image-72841\" \/>\n  <\/div>\n<p class=\"mb5\"><strong>Seiyuu: <\/strong>Kentarou Tomita<\/p>\n<hr class=\"hr-dashed\">\n<p>Edad: 17<br \/>\nFecha de nacimiento: 17 de agosto<br \/>\nEstatura: 173 cm<br \/>\nAficiones: Surf, cocinar<br \/>\nHabilidad especial: cocina, costura<\/p>\n<div class=\"clearfix\"><\/div>\n<\/div>\n<div>\n<h2 class=\"mt0\">Itsuki Katagiri<br \/>\n\t<\/h2>\n<div class=\"mr20 pull-left\" style=\"width: 160px;\"><img loading=\"lazy\" src=\"https:\/\/honeysanime.com\/wp-content\/uploads\/2016\/05\/dream-festival-itsuki-katagiri-e1462418859448-225x350.jpg\"alt = \"Dream-Festival-Key-Visual-2-300x427 Dream Festival! \u00a1El anime de chicos \u00eddolos, revela nuevo VP, fecha de lanzamiento e im\u00e1genes!\" width=\"225\" height=\"350\" class=\"aligncenter size-characeter-MAL-225 wp-image-72840\" \/>\n  <\/div>\n<p class=\"mb5\"><strong>Seiyuu: <\/strong>Masaki Oota<\/p>\n<hr class=\"hr-dashed\">\n<p>Edad: 16<br \/>\nFecha de nacimiento: 21 de enero<br \/>\nEstatura: 185 cm<br \/>\nAficiones: La planificaci\u00f3n de aperitivos, jugar con sus mascotas<br \/>\nHabilidad especial: baile, la acrobacia<\/p>\n<div class=\"clearfix\"><\/div>\n<\/div>\n<div>\n<h2 class=\"mt0\">Chizuru Sawamura<br \/>\n\t<\/h2>\n<div class=\"mr20 pull-left\" style=\"width: 160px;\"><img loading=\"lazy\" src=\"https:\/\/honeysanime.com\/wp-content\/uploads\/2016\/05\/dream-festival-chizuru-sawamura-e1462418893543-225x350.jpg\"alt = \"Dream-Festival-Key-Visual-2-300x427 Dream Festival! \u00a1El anime de chicos \u00eddolos, revela nuevo VP, fecha de lanzamiento e im\u00e1genes!\" width=\"225\" height=\"350\" class=\"aligncenter size-characeter-MAL-225 wp-image-72839\" \/>\n  <\/div>\n<p class=\"mb5\"><strong>Seiyuu: <\/strong>Kaoru Masaki<\/p>\n<hr class=\"hr-dashed\">\n<p>Edad: 16<br \/>\nFecha de nacimiento: 11 noviembre<br \/>\nEstatura: 160 cm<br \/>\nAficiones: comer mucha comida sabrosa<br \/>\nHabilidad especial: puede quedarse dormido en cualquier lugar<\/p>\n<div class=\"clearfix\"><\/div>\n<\/div>\n<div>\n<h2 class=\"mt0\">Haruto Mikami<br \/>\n\t<\/h2>\n<div class=\"mr20 pull-left\" style=\"width: 160px;\"><img loading=\"lazy\" src=\"https:\/\/honeysanime.com\/wp-content\/uploads\/2015\/12\/dummy-image-coming-soon-225x350.jpg\"alt = \"Dream-Festival-Key-Visual-2-300x427 Dream Festival! \u00a1El anime de chicos \u00eddolos, revela nuevo VP, fecha de lanzamiento e im\u00e1genes!\" width=\"225\" height=\"350\" class=\"aligncenter size-characeter-MAL-225 wp-image-48059\" \/>\n  <\/div>\n<p class=\"mb5\"><strong>Seiyuu: <\/strong>Toshiyuki Morikawa<\/p>\n<hr class=\"hr-dashed\">\n<div class=\"clearfix\"><\/div>\n<\/div>\n<\/div>\n<div class=\"wrap-ad ad-middle mt40\">\n<div class=\"mt20 mb20 pr0-xs pl0-xs flexbox justify-content-center\">\n<div class=\"unit-ad\">\n<div class=\"ad-tag\" data-ad-name=\"Sortable_HoneysAnime_Desktop_Middle_728x90\" data-ad-size=\"728x90\" ><\/div>\n<p><script src=\"\/\/tags-cdn.deployads.com\/a\/blog.honeyfeed.fm.js\" async ><\/script><br \/>\n<script>(deployads = window.deployads || []).push();<\/script><\/div>\n<div class=\"unit-ad mt40-xs\"><!-- temp --> <\/div>\n<\/div>\n<\/div>\n<div class=\"mt60\" id=\"scroll-animedb-detailed\">\n<table class=\"table-hot-spot\">\n<\/p>\n<\/ul>\n<\/td>\n<\/tr>\n<tr>\n<th style=\"width: 25%; vertical-align: center;\">Adaptaci\u00f3n<\/th>\n<td>\n<div>\n\t\t\t\t<strong>Original<br \/>\n\t\t\t\t<\/strong>\n\t\t\t<\/div>\n<div class=\"row\">\n<div class=\"col-sm-5 col-xs-12\">\n<div>\n\t\t\t\t\t<\/div>\n<\/p><\/div>\n<div class=\"col-sm-7\">\n<\/p><\/div>\n<\/p><\/div>\n<\/td>\n<\/tr>\n<tr>\n<th style=\"width: 25%; vertical-align: center;\">Personal\n\t\t\t\t<\/th>\n<td>\n<div>\n<ul>\n<li><strong>Creador original: <\/strong>BN Pictures, Bandai\n\t\t\t\t\t\t<\/li>\n<li><strong>Director:  <\/strong>Yuuta Murano\n\t\t\t\t\t\t<\/li>\n<li><strong>Composici\u00f3n de serie:  <\/strong>Youichi Katou\n\t\t\t\t\t\t<\/li>\n<li><strong>Dise\u00f1o de personaje:  <\/strong>Yayoi Arakawa\n\t\t\t\t\t\t<\/li>\n<li><strong>Director de sonido:  <\/strong>Hiromi Kikuta\n\t\t\t\t\t\t<\/li>\n<li><strong>M\u00fasica:  <\/strong>Ken Itou, Ryou Takahashi\n\t\t\t\t\t\t<\/li>\n<\/ul><\/div>\n<div>\n<p>Para m\u00e1s informaci\u00f3n: <a href=\"http:\/\/www.dream-fes.com\/anime\/\" target=\"_blank\" rel=\"noopener\">P\u00e1gina web oficial<\/a><\/p>\n<\/p><\/div>\n<\/td>\n<\/tr>\n<\/table>\n<\/div>\n<p class=\"text-right mt40\"><small>(Dale cr\u00e9ditos a Honey\u2019s Anime cuando uses nuestra descripci\u00f3n)<\/small><\/p>\n<div class=\"wrap-ad ad-bottom mt40\">\n<div class=\"mt20 mb20 pr0-xs pl0-xs flexbox justify-content-center\">\n<div class=\"unit-ad\">\n<div class=\"ad-tag\" data-ad-name=\"Sortable_HoneysAnime_Desktop_Bottom_728x90\" data-ad-size=\"728x90\" ><\/div>\n<p><script src=\"\/\/tags-cdn.deployads.com\/a\/blog.honeyfeed.fm.js\" async ><\/script><br \/>\n<script>(deployads = window.deployads || []).push();<\/script><\/div>\n<div class=\"unit-ad mt40-xs\"><!-- temp --> <\/div>\n<\/div>\n<\/div>\n<p><script>\ndocument.addEventListener('copy', function(e) {\n\te.preventDefault();\n\tvar url = location.href;\n\tvar userAgent = window.navigator.userAgent.toLowerCase();<\/p>\n<p>\tif(url.match(\"\/es\/\")) {\n\t\tif (userAgent.match(\/(msie|MSIE)\/) || userAgent.match(\/(T|t)rident\/)) {\n\t\t\tvar text = document.selection.createRange().text;\n\t\t\twindow.clipboardData.setData('Text', text + \" (fuente: <a href='\" + url + \"'>Honey's Anime<\/a>)\"); \/\/ IE\n\t\t} else {\n\t\t\tvar text = window.getSelection();\n\t\t\te.clipboardData.setData('text\/plain', text + \" (fuente: <a href='\" + url + \"'>Honey's Anime<\/a>)\"); \/\/ Chrome, Firefox, safari\n\t\t}\n\t}else{\n\t\tif (userAgent.match(\/(msie|MSIE)\/) || userAgent.match(\/(T|t)rident\/)) {\n\t\t\tvar text = document.selection.createRange().text;\n\t\t\twindow.clipboardData.setData('Text', text + \" (source: <a href='\" + url + \"'>Honey's Anime<\/a>)\"); \/\/ IE\n\t\t} else {\n\t\t\tvar text = window.getSelection();\n\t\t\te.clipboardData.setData('text\/plain', text + \" (source: <a href='\" + url + \"'>Honey's Anime<\/a>)\"); \/\/ Chrome, Firefox, safari\n\t\t}\n\t}\n});\n<\/script><\/p>\n<style>\n<p>.upcoming-anime .balloon-speech .arrow-right{\n    width: 60%;\n    padding: 3%;\n    font-size: 15px !important;\nfloat:right;\nborder: 5px solid #efd592;  \n}<\/p>\n<p> .upcoming-anime .balloon-speech .arrow-left {\n width: 60%;\n    padding: 3%;\n    font-size: 15px !important;\nfloat:left;\nborder: 5px solid #efd592;  \n}<\/p>\n<p>.upcoming-anime .balloon-speech .left-image {\n    float: left;\n    width: 15%;\nmargin-right:30px;\n}<\/p>\n<p>.upcoming-anime .balloon-speech .right-image {\n    float: right;\n    width: 15%;\nmargin-left:30px;\n}<\/p>\n<p>.upcoming-anime .balloon-speech .arrow-left:before {\n    border-right-color: #efd592;\nborder-width: 20px;\n    margin-top: -20px;\n}<\/p>\n<p>.upcoming-anime .balloon-speech .arrow-right:before {\n    border-left-color: #efd592;\nborder-width: 20px;\n    margin-top: -20px;\n}<\/p>\n<\/style>\n","protected":false},"excerpt":{"rendered":"<p>Visual 1 Visual 2 Un d\u00eda, el estudiante de segundo a\u00f1o de prepa, Kanade Amamiya es repentinamente descubierto por el \u00eddolo legendario, Haruto Mikami. Al ver la pasi\u00f3n de los \u00eddolos de la agencia de Mikami ante sus ojos, Kanade se absorbe intr\u00e9pidamente en sus propias actividades de \u00eddolo. Junto con el antiguo ni\u00f1o estrella [&hellip;]<\/p>\n","protected":false},"author":524,"featured_media":94936,"comment_status":"open","ping_status":"closed","sticky":false,"template":"","format":"standard","meta":{"spay_email":""},"categories":[244,239],"tags":[210],"themes":[935,784,746,946],"display":[],"seasonal":[],"jetpack_featured_media_url":"https:\/\/honeysanime.com\/wp-content\/uploads\/2016\/07\/Dream-Festival-Key-Visual-2.jpg","jetpack_shortlink":"https:\/\/wp.me\/p5dDBg-pJf","_links":{"self":[{"href":"https:\/\/honeysanime.com\/es\/wp-json\/wp\/v2\/posts\/98905"}],"collection":[{"href":"https:\/\/honeysanime.com\/es\/wp-json\/wp\/v2\/posts"}],"about":[{"href":"https:\/\/honeysanime.com\/es\/wp-json\/wp\/v2\/types\/post"}],"author":[{"embeddable":true,"href":"https:\/\/honeysanime.com\/es\/wp-json\/wp\/v2\/users\/524"}],"replies":[{"embeddable":true,"href":"https:\/\/honeysanime.com\/es\/wp-json\/wp\/v2\/comments?post=98905"}],"version-history":[{"count":1,"href":"https:\/\/honeysanime.com\/es\/wp-json\/wp\/v2\/posts\/98905\/revisions"}],"predecessor-version":[{"id":169368,"href":"https:\/\/honeysanime.com\/es\/wp-json\/wp\/v2\/posts\/98905\/revisions\/169368"}],"wp:featuredmedia":[{"embeddable":true,"href":"https:\/\/honeysanime.com\/es\/wp-json\/wp\/v2\/media\/94936"}],"wp:attachment":[{"href":"https:\/\/honeysanime.com\/es\/wp-json\/wp\/v2\/media?parent=98905"}],"wp:term":[{"taxonomy":"category","embeddable":true,"href":"https:\/\/honeysanime.com\/es\/wp-json\/wp\/v2\/categories?post=98905"},{"taxonomy":"post_tag","embeddable":true,"href":"https:\/\/honeysanime.com\/es\/wp-json\/wp\/v2\/tags?post=98905"},{"taxonomy":"themes","embeddable":true,"href":"https:\/\/honeysanime.com\/es\/wp-json\/wp\/v2\/themes?post=98905"},{"taxonomy":"display","embeddable":true,"href":"https:\/\/honeysanime.com\/es\/wp-json\/wp\/v2\/display?post=98905"},{"taxonomy":"seasonal","embeddable":true,"href":"https:\/\/honeysanime.com\/es\/wp-json\/wp\/v2\/seasonal?post=98905"}],"curies":[{"name":"wp","href":"https:\/\/api.w.org\/{rel}","templated":true}]}}